{"id":32895,"date":"2022-10-25T00:02:03","date_gmt":"2022-10-25T04:02:03","guid":{"rendered":"https:\/\/veneportal.com\/noticias\/2022\/10\/25\/israel-y-el-libano-firmaran-el-jueves-su-esperado-acuerdo-fronterizo\/"},"modified":"2022-10-25T00:02:03","modified_gmt":"2022-10-25T04:02:03","slug":"israel-y-el-libano-firmaran-el-jueves-su-esperado-acuerdo-fronterizo","status":"publish","type":"post","link":"https:\/\/veneportal.com\/noticias\/2022\/10\/25\/israel-y-el-libano-firmaran-el-jueves-su-esperado-acuerdo-fronterizo\/","title":{"rendered":"Israel y el L\u00edbano firmar\u00e1n el jueves su esperado acuerdo fronterizo"},"content":{"rendered":"<p>Ambos pa\u00edses, que siguen t\u00e9cnicamente en una guerra enquistada, negocian desde hace dos a\u00f1os, con intermediaci\u00f3n de Estados Unidos, un acuerdo para la delimitaci\u00f3n de su disputada frontera mar\u00edtima.&#8221;El jueves, vamos a firmar un acuerdo hist\u00f3rico con el L\u00edbano. Israel se va a convertir en un futuro cercano en un importante suministrador de gas para Europa&#8221;, declar\u00f3 el primer ministro israel\u00ed en funciones, Yair Lapid, este lunes (24.10.2022) durante una reuni\u00f3n en Tel Aviv con el primer ministro holand\u00e9s Mark Rutte, seg\u00fan un comunicado de su gobierno. &#8220;Mientras tanto, tenemos que trabajar juntos para encontrar soluciones a medio y largo plazo para la energ\u00eda verde y las energ\u00edas renovables&#8221;, agreg\u00f3.<\/p>\n<p>El acuerdo prev\u00e9 dejar bajo control israel\u00ed el yacimiento de Karish y conceder a L\u00edbano el campo de gas de Qana, m\u00e1s al noreste. Sin embargo, una parte de este yacimiento superar\u00e1 la l\u00ednea fronteriza entre ambos pa\u00edses, con lo que Israel se llevar\u00eda parte de los beneficios de la explotaci\u00f3n, seg\u00fan el texto. Seg\u00fan la prensa israel\u00ed, el acuerdo podr\u00eda firmarse en Naqoura, ciudad en el sur de L\u00edbano, fronteriza con Israel, donde est\u00e1 asentada la Fuerza Provisional de Naciones Unidas (FINUL).<\/p>\n<p>El acuerdo representa la primera demarcaci\u00f3n de fronteras mar\u00edtimas entre estos dos pa\u00edses y acaba con una disputa de larga duraci\u00f3n sobre la demarcaci\u00f3n de aguas ricas en gas en el Mediterr\u00e1neo, tras meses de negociaciones intermitentes que comenzaron en 2020. Israel y L\u00edbano, que est\u00e1n t\u00e9cnicamente en guerra, acordaron a principios de este mes los t\u00e9rminos del acuerdo, despu\u00e9s de haber sido puesto en duda en julio por un rebrote de los enfrentamientos por el uso de drones y, previamente, de artiller\u00eda.<\/p>\n<p>Un tribunal israel\u00ed allan\u00f3 el domingo el camino para su firma tras desestimar varias apelaciones contra el pacto. El jefe de la oposici\u00f3n israel\u00ed, Benjamin Netanyahu, en plena campa\u00f1a por las legislativas del 1 de noviembre, hab\u00eda criticado el acuerdo y afirmado que ten\u00eda que ser votado en el Parlamento o incluso en un refer\u00e9ndum. La parte libanesa aprob\u00f3 los t\u00e9rminos del acuerdo hace diez d\u00edas. Debido a que L\u00edbano e Israel no tienen relaciones diplom\u00e1ticas, la firma deber\u00eda llevarse a cabo de manera indirecta y en instancias separadas.<\/p>\n<p>lgc (afp\/efe)<\/p>\n<div class=\"venep-after-content venep-entity-placement\" id=\"venep-2259382955\"><div id=\"venep-8015516\"><a href=\"https:\/\/veneportal.com\/precios-premium\/\" aria-label=\"anuncios digitales $1 veneportal\"><img src=\"https:\/\/veneportal.com\/noticias\/wp-content\/uploads\/sites\/2\/2021\/03\/anuncios-digitals-1.png\" alt=\"anuncios digitales $1 veneportal\"  srcset=\"https:\/\/veneportal.com\/noticias\/wp-content\/uploads\/sites\/2\/2021\/03\/anuncios-digitals-1.png 1748w, https:\/\/veneportal.com\/noticias\/wp-content\/uploads\/sites\/2\/2021\/03\/anuncios-digitals-1-300x213.png 300w, https:\/\/veneportal.com\/noticias\/wp-content\/uploads\/sites\/2\/2021\/03\/anuncios-digitals-1-1024x726.png 1024w, https:\/\/veneportal.com\/noticias\/wp-content\/uploads\/sites\/2\/2021\/03\/anuncios-digitals-1-768x545.png 768w, https:\/\/veneportal.com\/noticias\/wp-content\/uploads\/sites\/2\/2021\/03\/anuncios-digitals-1-1536x1090.png 1536w, https:\/\/veneportal.com\/noticias\/wp-content\/uploads\/sites\/2\/2021\/03\/anuncios-digitals-1-600x426.png 600w\" sizes=\"(max-width: 1748px) 100vw, 1748px\" width=\"1748\" height=\"1240\"   \/><\/a><\/div><\/div>","protected":false},"excerpt":{"rendered":"<p>Ambos pa\u00edses, que siguen t\u00e9cnicamente en una guerra enquistada, negocian desde hace dos a\u00f1os, con intermediaci\u00f3n de Estados Unidos, un acuerdo para la delimitaci\u00f3n de su disputada frontera mar\u00edtima.&#8221;El jueves,&hellip; <\/p>\n","protected":false},"author":505,"featured_media":32896,"comment_status":"open","ping_status":"open","sticky":false,"template":"","format":"standard","meta":{"footnotes":""},"categories":[85],"tags":[],"class_list":["post-32895","post","type-post","status-publish","format-standard","has-post-thumbnail","hentry","category-politica"],"_links":{"self":[{"href":"https:\/\/veneportal.com\/noticias\/wp-json\/wp\/v2\/posts\/32895","targetHints":{"allow":["GET"]}}],"collection":[{"href":"https:\/\/veneportal.com\/noticias\/wp-json\/wp\/v2\/posts"}],"about":[{"href":"https:\/\/veneportal.com\/noticias\/wp-json\/wp\/v2\/types\/post"}],"author":[{"embeddable":true,"href":"https:\/\/veneportal.com\/noticias\/wp-json\/wp\/v2\/users\/505"}],"replies":[{"embeddable":true,"href":"https:\/\/veneportal.com\/noticias\/wp-json\/wp\/v2\/comments?post=32895"}],"version-history":[{"count":0,"href":"https:\/\/veneportal.com\/noticias\/wp-json\/wp\/v2\/posts\/32895\/revisions"}],"wp:featuredmedia":[{"embeddable":true,"href":"https:\/\/veneportal.com\/noticias\/wp-json\/wp\/v2\/media\/32896"}],"wp:attachment":[{"href":"https:\/\/veneportal.com\/noticias\/wp-json\/wp\/v2\/media?parent=32895"}],"wp:term":[{"taxonomy":"category","embeddable":true,"href":"https:\/\/veneportal.com\/noticias\/wp-json\/wp\/v2\/categories?post=32895"},{"taxonomy":"post_tag","embeddable":true,"href":"https:\/\/veneportal.com\/noticias\/wp-json\/wp\/v2\/tags?post=32895"}],"curies":[{"name":"wp","href":"https:\/\/api.w.org\/{rel}","templated":true}]}}