{"id":32889,"date":"2022-10-25T00:02:03","date_gmt":"2022-10-25T04:02:03","guid":{"rendered":"https:\/\/veneportal.com\/noticias\/2022\/10\/25\/mas-de-quinientos-acusados-en-iran-por-participar-en-las-protestas\/"},"modified":"2022-10-25T00:02:03","modified_gmt":"2022-10-25T04:02:03","slug":"mas-de-quinientos-acusados-en-iran-por-participar-en-las-protestas","status":"publish","type":"post","link":"https:\/\/veneportal.com\/noticias\/2022\/10\/25\/mas-de-quinientos-acusados-en-iran-por-participar-en-las-protestas\/","title":{"rendered":"M\u00e1s de quinientos acusados en Ir\u00e1n por participar en las protestas"},"content":{"rendered":"<p>Cuatro &#8220;alborotadores&#8221; se enfrentan a la &#8220;acusaci\u00f3n de moharebeh (&#8216;enemigo de dios&#8217; en persa)&#8221;, un cargo que conlleva la pena de muerte, dijo el fiscal de Teher\u00e1n, donde se concentran m\u00e1s de trescientas acusaciones.El fiscal de Teher\u00e1n, Ali Salehi, anunci\u00f3 este lunes (24.10.2022) que la Justicia iran\u00ed est\u00e1 procesando a 315 personas por su participaci\u00f3n en las protestas desatadas tras la muerte de Mahsa Amini. Las acusaciones son por &#8220;intenci\u00f3n de actuar contra la seguridad del pa\u00eds&#8221;, &#8220;propaganda contra el sistema\u201d y &#8220;perturbaci\u00f3n del orden p\u00fablico\u201d, inform\u00f3 la agencia de noticias Mizan, del Poder Judicial.<\/p>\n<p>&#8220;Cuatro alborotadores fueron inculpados bajo la acusaci\u00f3n de moharebeh (&#8216;enemigo de Dios&#8217; en persa)&#8221;, un cargo que conlleva la pena de muerte, a\u00f1adi\u00f3 Ali Salehi. Tambi\u00e9n se les acusa de haber &#8220;utilizado un arma para aterrorizar a la sociedad y al pueblo, herido agentes de seguridad, incendiado y destruido bienes p\u00fablicos y gubernamentales, con el objetivo de atacar el sistema sagrado de la Rep\u00fablica isl\u00e1mica de Ir\u00e1n&#8221;, indic\u00f3.<\/p>\n<p>En la vecina provincia de Alborz, otras 200 personas fueron acusadas de participar en las movilizaciones, indic\u00f3 el jefe justicia provincial, Fazeli Harikandi.<\/p>\n<p>Ir\u00e1n se enfrenta a una oleada de manifestaciones desde la muerte de esta kurda iran\u00ed de 22 a\u00f1os el 16 de septiembre, detenida tres d\u00edas antes en Teher\u00e1n por la polic\u00eda de la moral, que la acus\u00f3 de infringir el estricto c\u00f3digo de vestimenta del pa\u00eds. La violencia callejera dej\u00f3 decenas de muertos, la mayor\u00eda manifestantes, pero tambi\u00e9n de las fuerzas de seguridad. La represi\u00f3n de las protestas ha tenido gran repercusi\u00f3n internacional. La UE, por ejemplo, aprob\u00f3 nuevas sanciones contra el pa\u00eds.<\/p>\n<p>Al menos tres mil personas fueron detenidas solo en la provincia de Teher\u00e1n, 200 de ellas universitarios y otros 200 escolares desde el inicio de las protestas. Todos los menores detenidos han sido ya liberados todos los menores de edad, afirm\u00f3 recientemente el parlamentario Alireza Beigi. Las autoridades iran\u00edes no han dado cifras oficiales, pero la ONG Ir\u00e1n Human Rights, con base en Oslo, sit\u00faa en 108 los muertos y en 12.500 los detenidos.<\/p>\n<p>&#8220;Los juicios de aquellos que han cometido cr\u00edmenes (&#8230;) y de aquellos que est\u00e1n afiliados a agentes antirrevolucionarios en el interior y en el exterior (de Ir\u00e1n) y a extranjeros se celebrar\u00e1n de conformidad con la ley. Ser\u00e1n castigados&#8221;, declar\u00f3 el jefe de la Autoridad judicial Gholamhossein Mohseni Ejei citado por Mizan Online.<\/p>\n<p>lgc (afp\/efe)<br \/>\n(Actualizado con la nueva cifra con las acusaciones en la provincia de Alborz)<\/p>\n<div class=\"venep-after-content venep-entity-placement\" id=\"venep-66732118\"><div id=\"venep-3190233751\"><script async src=\"https:\/\/pagead2.googlesyndication.com\/pagead\/js\/adsbygoogle.js?client=ca-pub-5862940809620110\"\r\n     crossorigin=\"anonymous\"><\/script>\r\n<ins class=\"adsbygoogle\"\r\n     style=\"display:block\"\r\n     data-ad-format=\"fluid\"\r\n     data-ad-layout-key=\"-6t+ed+2i-1n-4w\"\r\n     data-ad-client=\"ca-pub-5862940809620110\"\r\n     data-ad-slot=\"7946604715\"><\/ins>\r\n<script>\r\n     (adsbygoogle = window.adsbygoogle || []).push({});\r\n<\/script><\/div><\/div>","protected":false},"excerpt":{"rendered":"<p>Cuatro &#8220;alborotadores&#8221; se enfrentan a la &#8220;acusaci\u00f3n de moharebeh (&#8216;enemigo de dios&#8217; en persa)&#8221;, un cargo que conlleva la pena de muerte, dijo el fiscal de Teher\u00e1n, donde se concentran&hellip; <\/p>\n","protected":false},"author":505,"featured_media":32890,"comment_status":"open","ping_status":"open","sticky":false,"template":"","format":"standard","meta":{"footnotes":""},"categories":[85],"tags":[],"class_list":["post-32889","post","type-post","status-publish","format-standard","has-post-thumbnail","hentry","category-politica"],"_links":{"self":[{"href":"https:\/\/veneportal.com\/noticias\/wp-json\/wp\/v2\/posts\/32889","targetHints":{"allow":["GET"]}}],"collection":[{"href":"https:\/\/veneportal.com\/noticias\/wp-json\/wp\/v2\/posts"}],"about":[{"href":"https:\/\/veneportal.com\/noticias\/wp-json\/wp\/v2\/types\/post"}],"author":[{"embeddable":true,"href":"https:\/\/veneportal.com\/noticias\/wp-json\/wp\/v2\/users\/505"}],"replies":[{"embeddable":true,"href":"https:\/\/veneportal.com\/noticias\/wp-json\/wp\/v2\/comments?post=32889"}],"version-history":[{"count":0,"href":"https:\/\/veneportal.com\/noticias\/wp-json\/wp\/v2\/posts\/32889\/revisions"}],"wp:featuredmedia":[{"embeddable":true,"href":"https:\/\/veneportal.com\/noticias\/wp-json\/wp\/v2\/media\/32890"}],"wp:attachment":[{"href":"https:\/\/veneportal.com\/noticias\/wp-json\/wp\/v2\/media?parent=32889"}],"wp:term":[{"taxonomy":"category","embeddable":true,"href":"https:\/\/veneportal.com\/noticias\/wp-json\/wp\/v2\/categories?post=32889"},{"taxonomy":"post_tag","embeddable":true,"href":"https:\/\/veneportal.com\/noticias\/wp-json\/wp\/v2\/tags?post=32889"}],"curies":[{"name":"wp","href":"https:\/\/api.w.org\/{rel}","templated":true}]}}