{"id":3210,"date":"2021-05-18T08:58:43","date_gmt":"2021-05-18T12:58:43","guid":{"rendered":"https:\/\/veneportal.com\/noticias\/2021\/05\/18\/fuerzas-armadas-se-preparan-para-desbloquear-vias-de-protestas-en-colombia\/"},"modified":"2021-05-18T08:58:43","modified_gmt":"2021-05-18T12:58:43","slug":"fuerzas-armadas-se-preparan-para-desbloquear-vias-de-protestas-en-colombia","status":"publish","type":"post","link":"https:\/\/veneportal.com\/noticias\/2021\/05\/18\/fuerzas-armadas-se-preparan-para-desbloquear-vias-de-protestas-en-colombia\/","title":{"rendered":"Fuerzas Armadas se preparan para desbloquear v\u00edas de protestas en Colombia"},"content":{"rendered":"<p>Las protestas en Colombia, que se iniciaron el pasado 28 de abril contra la ya retirada reforma fiscal del Gobierno, tambi\u00e9n exigen, entre otros temas, el cese de la brutalidad policial a la que organizaciones sociales como Temblores achacan 39 homicidios, el retiro del proyecto de la reforma a la salud, que contempla privatizaciones; el fortalecimiento de una masiva vacunaci\u00f3n y renta b\u00e1sica de por lo menos un salario m\u00ednimo legal mensual.<\/p>\n<p>El presidente de Colombia, Iv\u00e1n Duque, orden\u00f3\u00a0 a la fuerza p\u00fablica desplegar su \u201cm\u00e1xima capacidad operacional\u201d para desbloquear las v\u00edas taponadas por los manifestantes durante los 20 d\u00edas que llevan las protestas contra su Gobierno, en las que han muerto m\u00e1s de 40 personas.<\/p>\n<p>\u201cHemos dado instrucciones a todos los niveles de fuerza p\u00fablica para que en los territorios de Colombia, con alcaldes y gobernadores, desplieguen su m\u00e1xima capacidad operacional para que dentro de la proporcionalidad y el estricto cumplimiento de los DD.HH. y su protecci\u00f3n le permitan a todos los colombianos recuperar la movilidad, recuperar el bienestar\u201d, expres\u00f3 Duque en una declaraci\u00f3n.<\/p>\n<p>El mandatario explic\u00f3 que su decisi\u00f3n se basa en que en Colombia se permite \u201cla protesta pac\u00edfica\u201d, pero los \u201cbloqueos en v\u00edas, en carreteras, que han afectado a millones de ciudadanos, a millones de campesinos que no han podido sacar sus productos\u201d son \u201cilegales\u201d.<\/p>\n<p>Igualmente, Duque recalc\u00f3 que \u201chay un claro inter\u00e9s criminal de afectar y sabotear la econom\u00eda y desarrollo social de much\u00edsimas poblaciones\u201d.<\/p>\n<p>\u201cHago un llamado a todas las familias colombianas para que as\u00ed como debemos darle todo el respaldo a la fuerza p\u00fablica para proteger todos los derechos de todos, tambi\u00e9n mantengamos siempre toda la exigencia para que en el desarrollo de sus funciones cumplan, protejan y tutelen todos los derechos humanos\u201d, apostill\u00f3.<\/p>\n<p>Dijo adem\u00e1s: \u201cAqu\u00ed no hay dictaduras, no hay opresi\u00f3n. Esta es una democracia con una hoja de ruta que es nuestra Constituci\u00f3n y debemos hacerla valer y cumplir para el bienestar de todos los ciudadanos\u201d.<\/p>\n<p>Tambi\u00e9n anunci\u00f3 que desde el primero de julio habr\u00e1 un programa de generaci\u00f3n de empleo juvenil, en el cual se subsidiar\u00e1 el 25 % del salario de los beneficiarios.<\/p>\n<p>\u201cEmpezaremos a partir del pr\u00f3ximo primero de julio un programa de generaci\u00f3n de empleo juvenil que empieza con subsidiar el equivalente al 25 % del salario mensual m\u00ednimo legal vigente\u201d para que se contraten j\u00f3venes entre 18 y 28 a\u00f1os de manera formal en el pa\u00eds, detall\u00f3.<\/p>\n<p>El ejecutivo ha pedido durante todos estos d\u00edas que los manifestantes cesen los bloqueos en las carreteras porque afectan a la golpeada econom\u00eda del pa\u00eds que busca levantarse porque no ha podido funcionar al ciento por ciento por los confinamientos adoptados para atajar la expansi\u00f3n del coronavirus.<\/p>\n<p>Las p\u00e9rdidas econ\u00f3micas en 15 d\u00edas se calculan en m\u00e1s de 6,5 billones de pesos (unos 1.763 millones de d\u00f3lares), seg\u00fan estim\u00f3 el Gobierno.<\/p>\n<p>Igualmente una delegaci\u00f3n del Gobierno -encabezada por el alto comisionado para la paz, Miguel Ceballos- se reuni\u00f3 por segundo d\u00eda consecutivo con el Comit\u00e9 Nacional de Paro, que aglomera sindicatos y centrales obreras, con el objetivo de establecer una mesa de negociaciones para salir de la crisis social que vive Colombia.<\/p>\n<p>Fuente: EFE<\/p>\n<div class=\"venep-after-content venep-entity-placement\" id=\"venep-2067556222\"><div id=\"venep-3149361644\"><a href=\"https:\/\/veneportal.com\/directorio\/post-an-ad\/\" aria-label=\"list your business on veneportal for free\"><img src=\"https:\/\/veneportal.com\/noticias\/wp-content\/uploads\/sites\/2\/2021\/03\/list-your-business-for-free.png\" alt=\"list your business on veneportal for free\"  srcset=\"https:\/\/veneportal.com\/noticias\/wp-content\/uploads\/sites\/2\/2021\/03\/list-your-business-for-free.png 1748w, https:\/\/veneportal.com\/noticias\/wp-content\/uploads\/sites\/2\/2021\/03\/list-your-business-for-free-300x213.png 300w, https:\/\/veneportal.com\/noticias\/wp-content\/uploads\/sites\/2\/2021\/03\/list-your-business-for-free-1024x726.png 1024w, https:\/\/veneportal.com\/noticias\/wp-content\/uploads\/sites\/2\/2021\/03\/list-your-business-for-free-768x545.png 768w, https:\/\/veneportal.com\/noticias\/wp-content\/uploads\/sites\/2\/2021\/03\/list-your-business-for-free-1536x1090.png 1536w, https:\/\/veneportal.com\/noticias\/wp-content\/uploads\/sites\/2\/2021\/03\/list-your-business-for-free-600x426.png 600w\" sizes=\"(max-width: 1748px) 100vw, 1748px\" width=\"1748\" height=\"1240\"   \/><\/a><\/div><\/div>","protected":false},"excerpt":{"rendered":"<p>Las protestas en Colombia, que se iniciaron el pasado 28 de abril contra la ya retirada reforma fiscal del Gobierno, tambi\u00e9n exigen, entre otros temas, el cese de la brutalidad&hellip; <\/p>\n","protected":false},"author":59,"featured_media":3209,"comment_status":"open","ping_status":"open","sticky":false,"template":"","format":"standard","meta":{"footnotes":""},"categories":[70],"tags":[],"class_list":["post-3210","post","type-post","status-publish","format-standard","has-post-thumbnail","hentry","category-informacion"],"_links":{"self":[{"href":"https:\/\/veneportal.com\/noticias\/wp-json\/wp\/v2\/posts\/3210","targetHints":{"allow":["GET"]}}],"collection":[{"href":"https:\/\/veneportal.com\/noticias\/wp-json\/wp\/v2\/posts"}],"about":[{"href":"https:\/\/veneportal.com\/noticias\/wp-json\/wp\/v2\/types\/post"}],"author":[{"embeddable":true,"href":"https:\/\/veneportal.com\/noticias\/wp-json\/wp\/v2\/users\/59"}],"replies":[{"embeddable":true,"href":"https:\/\/veneportal.com\/noticias\/wp-json\/wp\/v2\/comments?post=3210"}],"version-history":[{"count":1,"href":"https:\/\/veneportal.com\/noticias\/wp-json\/wp\/v2\/posts\/3210\/revisions"}],"predecessor-version":[{"id":3211,"href":"https:\/\/veneportal.com\/noticias\/wp-json\/wp\/v2\/posts\/3210\/revisions\/3211"}],"wp:featuredmedia":[{"embeddable":true,"href":"https:\/\/veneportal.com\/noticias\/wp-json\/wp\/v2\/media\/3209"}],"wp:attachment":[{"href":"https:\/\/veneportal.com\/noticias\/wp-json\/wp\/v2\/media?parent=3210"}],"wp:term":[{"taxonomy":"category","embeddable":true,"href":"https:\/\/veneportal.com\/noticias\/wp-json\/wp\/v2\/categories?post=3210"},{"taxonomy":"post_tag","embeddable":true,"href":"https:\/\/veneportal.com\/noticias\/wp-json\/wp\/v2\/tags?post=3210"}],"curies":[{"name":"wp","href":"https:\/\/api.w.org\/{rel}","templated":true}]}}