{"id":30541,"date":"2022-09-21T17:00:03","date_gmt":"2022-09-21T21:00:03","guid":{"rendered":"https:\/\/veneportal.com\/noticias\/2022\/09\/21\/conmocion-en-ecuador-por-desaparicion-de-abogada-en-escuela-de-policia\/"},"modified":"2022-09-21T17:00:03","modified_gmt":"2022-09-21T21:00:03","slug":"conmocion-en-ecuador-por-desaparicion-de-abogada-en-escuela-de-policia","status":"publish","type":"post","link":"https:\/\/veneportal.com\/noticias\/2022\/09\/21\/conmocion-en-ecuador-por-desaparicion-de-abogada-en-escuela-de-policia\/","title":{"rendered":"Conmoci\u00f3n en Ecuador por desaparici\u00f3n de abogada en escuela de polic\u00eda"},"content":{"rendered":"<p>[iframe src=&#8221;https:\/\/www.vozdeamerica.com\/embed\/player\/0\/6757001.html?type=video&#8221; width=&#8221;640&#8243; height=&#8221;360&#8243; frameborder=&#8221;0&#8243; scrolling=&#8221;no&#8221; allowfullscreen=&#8221;allowfullscreen&#8221;]<\/p>\n<p>La s\u00fabita desaparici\u00f3n de una reconocida abogada ecuatoriana en la Escuela de Polic\u00eda genera indignaci\u00f3n Ecuador. Desde Quito, N\u00e9stor Aguilera nos cuenta que el tema encendi\u00f3 nuevamente el debate sobre la violencia contra la mujer en el pa\u00eds.<\/p>\n<div class=\"venep-after-content venep-entity-placement\" id=\"venep-3443378503\"><div id=\"venep-2871647840\"><blockquote>\r\n<h6 style=\"border: 8px dashed green; text-align: center;\"><span style=\"color: #800000;\">Publica tu Press Release, Nota de prensa o Art\u00edculo promocional en<\/span> <span style=\"color: #0000ff;\"><a style=\"color: #0000ff;\" href=\"https:\/\/veneportal.com\/contact\/\">Veneportal.com<\/a><\/span> \u00a1La forma mas econ\u00f3mica y eficiente de promover tu producto, servicio o marca con contenido!<\/h6>\r\n<\/blockquote><\/div><\/div>","protected":false},"excerpt":{"rendered":"<p>Conmoci\u00f3n en Ecuador por desaparici\u00f3n de abogada en escuela de polic\u00edaLa s\u00fabita desaparici\u00f3n de una reconocida abogada ecuatoriana en la Escuela de Polic\u00eda genera indignaci\u00f3n Ecuador. Desde Quito, N\u00e9stor Aguilera nos cuenta que el tema encendi\u00f3 nuevamente el debate sobre la violencia contra la mujer en el pa\u00eds.<\/p>\n","protected":false},"author":1287,"featured_media":30542,"comment_status":"open","ping_status":"open","sticky":false,"template":"","format":"video","meta":{"footnotes":""},"categories":[93],"tags":[],"class_list":["post-30541","post","type-post","status-publish","format-video","has-post-thumbnail","hentry","category-multimedia","post_format-post-format-video"],"_links":{"self":[{"href":"https:\/\/veneportal.com\/noticias\/wp-json\/wp\/v2\/posts\/30541","targetHints":{"allow":["GET"]}}],"collection":[{"href":"https:\/\/veneportal.com\/noticias\/wp-json\/wp\/v2\/posts"}],"about":[{"href":"https:\/\/veneportal.com\/noticias\/wp-json\/wp\/v2\/types\/post"}],"author":[{"embeddable":true,"href":"https:\/\/veneportal.com\/noticias\/wp-json\/wp\/v2\/users\/1287"}],"replies":[{"embeddable":true,"href":"https:\/\/veneportal.com\/noticias\/wp-json\/wp\/v2\/comments?post=30541"}],"version-history":[{"count":0,"href":"https:\/\/veneportal.com\/noticias\/wp-json\/wp\/v2\/posts\/30541\/revisions"}],"wp:featuredmedia":[{"embeddable":true,"href":"https:\/\/veneportal.com\/noticias\/wp-json\/wp\/v2\/media\/30542"}],"wp:attachment":[{"href":"https:\/\/veneportal.com\/noticias\/wp-json\/wp\/v2\/media?parent=30541"}],"wp:term":[{"taxonomy":"category","embeddable":true,"href":"https:\/\/veneportal.com\/noticias\/wp-json\/wp\/v2\/categories?post=30541"},{"taxonomy":"post_tag","embeddable":true,"href":"https:\/\/veneportal.com\/noticias\/wp-json\/wp\/v2\/tags?post=30541"}],"curies":[{"name":"wp","href":"https:\/\/api.w.org\/{rel}","templated":true}]}}