{"id":30403,"date":"2022-09-20T05:02:03","date_gmt":"2022-09-20T09:02:03","guid":{"rendered":"https:\/\/veneportal.com\/noticias\/2022\/09\/20\/mlitarizacion-de-seguridad-publica-en-mexico-avanza-en-el-senado\/"},"modified":"2022-09-20T05:02:03","modified_gmt":"2022-09-20T09:02:03","slug":"mlitarizacion-de-seguridad-publica-en-mexico-avanza-en-el-senado","status":"publish","type":"post","link":"https:\/\/veneportal.com\/noticias\/2022\/09\/20\/mlitarizacion-de-seguridad-publica-en-mexico-avanza-en-el-senado\/","title":{"rendered":"Mlitarizaci\u00f3n de seguridad p\u00fablica en M\u00e9xico avanza en el Senado"},"content":{"rendered":"<p>Los cambios a las leyes mexicanas que extienden la permanencia de las Fuerzas Armadas en tareas de seguridad p\u00fablica en M\u00e9xico avanzaron el lunes en comisiones del Senado y se discutir\u00e1n en su pleno el mi\u00e9rcoles.Durante la sesi\u00f3n de las comisiones de Puntos Constitucionales y de Estudios Legislativos Segunda de la C\u00e1mara Alta del Congreso de M\u00e9xico, la propuesta de reforma recibi\u00f3 el aval de 18 senadores oficialistas, y 10 en contra de los partidos de oposici\u00f3n.<\/p>\n<p>El dictamen fue enviado a la Mesa Directiva del Senado mexicano para que este martes los 128 senadores den entrada a la minuta de cambios legales y en su caso, aprueben el pr\u00f3ximo mi\u00e9rcoles la permanencia del Ej\u00e9rcito y la Marina mexicana en las calles hasta 2028.<\/p>\n<p>4 a\u00f1os m\u00e1s de militares en tareas civiles<\/p>\n<p>Est\u00e1 ampliaci\u00f3n significar\u00eda una ampliaci\u00f3n de cuatro a\u00f1os a lo aprobado en 2019, cuando se cre\u00f3 la Guardia Nacional y estableci\u00f3 la presencia de las Fuerzas Armadas en responsabilidades civiles hasta 2024.<\/p>\n<p>Est\u00e1 propuesta legislativa, impulsada por el partido de oposici\u00f3n Revolucionario Institucional (PRI), ya recibi\u00f3 la aprobaci\u00f3n de una mayor\u00eda absoluta entre los 500 legisladores de la C\u00e1mara de Diputados.<\/p>\n<p>De aprobarse, por la mitad m\u00e1s uno del pleno legislativo de los senadores, los cambios al art\u00edculo quinto transitorio constitucional ser\u00e1n enviados al Gobierno mexicano para su publicaci\u00f3n en el Diario Oficial de la Federaci\u00f3n e inminente entrada en vigor.<\/p>\n<p>La Guardia Nacional entr\u00f3 oficialmente en operaciones civiles dependiendo de la Secretar\u00eda de Seguridad y Protecci\u00f3n Ciudadana el 30 de junio de 2019 y desde agosto pasado se adscribi\u00f3 a la Secretar\u00eda de la Defensa Nacional (Sedena), encargada del Ej\u00e9rcito mexicano.<\/p>\n<p>M\u00faltiples acusaciones y una promesa rota por AMLO<\/p>\n<p>En sus habituales conferencias, el presidente mexicano, Andr\u00e9s Manuel L\u00f3pez Obrador, tras reconocer que la estrategia de seguridad y pacificaci\u00f3n ha tardado m\u00e1s de lo esperado, ha defendido la aprobaci\u00f3n en el Senado de la reforma que pasa al Ej\u00e9rcito el control de la Guardia Nacional, un cuerpo que \u00e9l creo con la promesa de mantenerlo civil.<\/p>\n<p>&#8220;Eso es lo m\u00e1s importante, que se aprob\u00f3 la ley para que la Guardia Nacional (GN) est\u00e9 operada, tenga la tutela, la gu\u00eda, el ejemplo de la Sedena, eso es muy importante&#8221;, dijo el mandatario durante su rueda de prensa matutina, aquella ocasi\u00f3n desde el norte\u00f1o estado de Zacatecas.<\/p>\n<p>La actuaci\u00f3n de las Fuerzas Armadas en tareas de seguridad ha causado pol\u00e9mica en M\u00e9xico por afrontar acusaciones de ejecuciones extrajudiciales, desapariciones forzadas y uso desproporcionado de la fuerza.<\/p>\n<p>Incluso, diversas organizaciones nacionales e internacionales como la Oficina de la ONU para los Derechos Humanos han mostrado su preocupaci\u00f3n por la decisi\u00f3n de ceder el control de la Guardia Nacional a las Fuerzas Armadas mexicanas, lo que supone de facto su militarizaci\u00f3n.<\/p>\n<p>rml (efe, @senadomexicano)<\/p>\n<div class=\"venep-after-content venep-entity-placement\" id=\"venep-1321586181\"><div id=\"venep-1588142968\"><script async src=\"https:\/\/pagead2.googlesyndication.com\/pagead\/js\/adsbygoogle.js?client=ca-pub-5862940809620110\"\r\n     crossorigin=\"anonymous\"><\/script>\r\n<ins class=\"adsbygoogle\"\r\n     style=\"display:block\"\r\n     data-ad-format=\"fluid\"\r\n     data-ad-layout-key=\"-6t+ed+2i-1n-4w\"\r\n     data-ad-client=\"ca-pub-5862940809620110\"\r\n     data-ad-slot=\"7946604715\"><\/ins>\r\n<script>\r\n     (adsbygoogle = window.adsbygoogle || []).push({});\r\n<\/script><\/div><\/div>","protected":false},"excerpt":{"rendered":"<p>Los cambios a las leyes mexicanas que extienden la permanencia de las Fuerzas Armadas en tareas de seguridad p\u00fablica en M\u00e9xico avanzaron el lunes en comisiones del Senado y se&hellip; <\/p>\n","protected":false},"author":505,"featured_media":29430,"comment_status":"open","ping_status":"open","sticky":false,"template":"","format":"standard","meta":{"footnotes":""},"categories":[84],"tags":[],"class_list":["post-30403","post","type-post","status-publish","format-standard","has-post-thumbnail","hentry","category-america-latina"],"_links":{"self":[{"href":"https:\/\/veneportal.com\/noticias\/wp-json\/wp\/v2\/posts\/30403","targetHints":{"allow":["GET"]}}],"collection":[{"href":"https:\/\/veneportal.com\/noticias\/wp-json\/wp\/v2\/posts"}],"about":[{"href":"https:\/\/veneportal.com\/noticias\/wp-json\/wp\/v2\/types\/post"}],"author":[{"embeddable":true,"href":"https:\/\/veneportal.com\/noticias\/wp-json\/wp\/v2\/users\/505"}],"replies":[{"embeddable":true,"href":"https:\/\/veneportal.com\/noticias\/wp-json\/wp\/v2\/comments?post=30403"}],"version-history":[{"count":0,"href":"https:\/\/veneportal.com\/noticias\/wp-json\/wp\/v2\/posts\/30403\/revisions"}],"wp:featuredmedia":[{"embeddable":true,"href":"https:\/\/veneportal.com\/noticias\/wp-json\/wp\/v2\/media\/29430"}],"wp:attachment":[{"href":"https:\/\/veneportal.com\/noticias\/wp-json\/wp\/v2\/media?parent=30403"}],"wp:term":[{"taxonomy":"category","embeddable":true,"href":"https:\/\/veneportal.com\/noticias\/wp-json\/wp\/v2\/categories?post=30403"},{"taxonomy":"post_tag","embeddable":true,"href":"https:\/\/veneportal.com\/noticias\/wp-json\/wp\/v2\/tags?post=30403"}],"curies":[{"name":"wp","href":"https:\/\/api.w.org\/{rel}","templated":true}]}}