{"id":29058,"date":"2022-08-31T23:02:02","date_gmt":"2022-09-01T03:02:02","guid":{"rendered":"https:\/\/veneportal.com\/noticias\/2022\/08\/31\/argentina-reporta-dos-muertes-por-neumonia-bilateral-y-aisla-sanatorio\/"},"modified":"2022-08-31T23:02:02","modified_gmt":"2022-09-01T03:02:02","slug":"argentina-reporta-dos-muertes-por-neumonia-bilateral-y-aisla-sanatorio","status":"publish","type":"post","link":"https:\/\/veneportal.com\/noticias\/2022\/08\/31\/argentina-reporta-dos-muertes-por-neumonia-bilateral-y-aisla-sanatorio\/","title":{"rendered":"Argentina reporta dos muertes por neumon\u00eda bilateral y a\u00edsla sanatorio"},"content":{"rendered":"<p>Hay otras cuatro personas afectadas por la enfermedad en la norte\u00f1a provincia de Tucum\u00e1n, tres de las cuales est\u00e1n hospitalizadas.Dos personas fallecieron y otras cuatro presentan una neumon\u00eda bilateral en la provincia de Tucum\u00e1n, norte de Argentina, donde las autoridades ordenaron el aislamiento preventivo de un sanatorio mientras se investiga el origen del brote que no corresponde a Covid, gripe ni influenza, se inform\u00f3 el mi\u00e9rcoles (31.08.2022).<\/p>\n<p>&#8220;Lo que tienen en com\u00fan estos pacientes es el cuadro respiratorio severo con neumon\u00eda bilateral y compromiso en im\u00e1genes muy parecidas al covid, pero eso est\u00e1 descartado&#8221;, declar\u00f3 el ministro de Salud de la provincia de Tucum\u00e1n, Luis Medina Ruiz.<\/p>\n<p>&#8220;Estamos analizando el agua, descargas del aire acondicionado, es decir otras situaciones que generan episodios parecidos&#8221;, a\u00f1adi\u00f3.<\/p>\n<p>Las muestras de los &#8220;seis casos de neumon\u00eda de origen desconocido&#8221; son investigadas por el laboratorio Malbr\u00e1n, principal referente en el pa\u00eds, inform\u00f3 el Ministerio nacional de Salud.<\/p>\n<p>Los seis casos presentaron neumon\u00eda bilateral, dos de ellos fallecieron, tres est\u00e1n hospitalizados y el restante se encuentra en buen estado de salud en aislamiento domiciliario, indic\u00f3 el ministerio.<\/p>\n<p>Los casos corresponden a cinco trabajadores de la salud y una paciente del servicio de terapia intensiva de un sanatorio privado de San Miguel de Tucum\u00e1n (1.300 km al norte de Buenos Aires) que iniciaron s\u00edntomas entre los d\u00edas 18 y 22 de este mes, precis\u00f3 el parte oficial.<\/p>\n<p>Este mi\u00e9rcoles se produjo el segundo fallecimiento. Se trata de un hombre de 45 a\u00f1os con comorbilidades que estaba internado desde el 21 de agosto, seg\u00fan el ministerio de Salud provincial.<\/p>\n<p>Las autoridades sanitarias de Tucum\u00e1n ordenaron el aislamiento preventivo por siete d\u00edas del Sanatorio Luz M\u00e9dica, ubicado en la capital provincial, donde se detectaron los seis casos.<\/p>\n<p>Seg\u00fan las autoridades sanitarias, desde el 22 de agosto no se han detectado nuevos casos.<\/p>\n<p>&#8220;Hasta el momento, los controles de virus y bacterias dieron negativos. Esta situaci\u00f3n se gener\u00f3 hace ocho d\u00edas y no hubo otros casos (&#8230;). La paranoia que se ha generado en la sociedad no tiene nada que ver con la situaci\u00f3n actual&#8221;, dijo el director del Sanatorio Luz M\u00e9dica, Alejandro Lembo.<\/p>\n<p>gs (afp, efe, Todo Noticias, Clar\u00edn)<\/p>\n<div class=\"venep-after-content venep-entity-placement\" id=\"venep-2952021687\"><div id=\"venep-1053581929\"><a href=\"https:\/\/veneportal.com\/precios-premium\/\" aria-label=\"anuncios digitales $1 veneportal\"><img src=\"https:\/\/veneportal.com\/noticias\/wp-content\/uploads\/sites\/2\/2021\/03\/anuncios-digitals-1.png\" alt=\"anuncios digitales $1 veneportal\"  srcset=\"https:\/\/veneportal.com\/noticias\/wp-content\/uploads\/sites\/2\/2021\/03\/anuncios-digitals-1.png 1748w, https:\/\/veneportal.com\/noticias\/wp-content\/uploads\/sites\/2\/2021\/03\/anuncios-digitals-1-300x213.png 300w, https:\/\/veneportal.com\/noticias\/wp-content\/uploads\/sites\/2\/2021\/03\/anuncios-digitals-1-1024x726.png 1024w, https:\/\/veneportal.com\/noticias\/wp-content\/uploads\/sites\/2\/2021\/03\/anuncios-digitals-1-768x545.png 768w, https:\/\/veneportal.com\/noticias\/wp-content\/uploads\/sites\/2\/2021\/03\/anuncios-digitals-1-1536x1090.png 1536w, https:\/\/veneportal.com\/noticias\/wp-content\/uploads\/sites\/2\/2021\/03\/anuncios-digitals-1-600x426.png 600w\" sizes=\"(max-width: 1748px) 100vw, 1748px\" width=\"1748\" height=\"1240\"   \/><\/a><\/div><\/div>","protected":false},"excerpt":{"rendered":"<p>Hay otras cuatro personas afectadas por la enfermedad en la norte\u00f1a provincia de Tucum\u00e1n, tres de las cuales est\u00e1n hospitalizadas.Dos personas fallecieron y otras cuatro presentan una neumon\u00eda bilateral en&hellip; <\/p>\n","protected":false},"author":505,"featured_media":29059,"comment_status":"open","ping_status":"open","sticky":false,"template":"","format":"standard","meta":{"footnotes":""},"categories":[84],"tags":[],"class_list":["post-29058","post","type-post","status-publish","format-standard","has-post-thumbnail","hentry","category-america-latina"],"_links":{"self":[{"href":"https:\/\/veneportal.com\/noticias\/wp-json\/wp\/v2\/posts\/29058","targetHints":{"allow":["GET"]}}],"collection":[{"href":"https:\/\/veneportal.com\/noticias\/wp-json\/wp\/v2\/posts"}],"about":[{"href":"https:\/\/veneportal.com\/noticias\/wp-json\/wp\/v2\/types\/post"}],"author":[{"embeddable":true,"href":"https:\/\/veneportal.com\/noticias\/wp-json\/wp\/v2\/users\/505"}],"replies":[{"embeddable":true,"href":"https:\/\/veneportal.com\/noticias\/wp-json\/wp\/v2\/comments?post=29058"}],"version-history":[{"count":0,"href":"https:\/\/veneportal.com\/noticias\/wp-json\/wp\/v2\/posts\/29058\/revisions"}],"wp:featuredmedia":[{"embeddable":true,"href":"https:\/\/veneportal.com\/noticias\/wp-json\/wp\/v2\/media\/29059"}],"wp:attachment":[{"href":"https:\/\/veneportal.com\/noticias\/wp-json\/wp\/v2\/media?parent=29058"}],"wp:term":[{"taxonomy":"category","embeddable":true,"href":"https:\/\/veneportal.com\/noticias\/wp-json\/wp\/v2\/categories?post=29058"},{"taxonomy":"post_tag","embeddable":true,"href":"https:\/\/veneportal.com\/noticias\/wp-json\/wp\/v2\/tags?post=29058"}],"curies":[{"name":"wp","href":"https:\/\/api.w.org\/{rel}","templated":true}]}}