{"id":28811,"date":"2022-08-27T12:02:03","date_gmt":"2022-08-27T16:02:03","guid":{"rendered":"https:\/\/veneportal.com\/noticias\/2022\/08\/27\/evacuan-el-polemico-campamento-de-migrantes-de-ter-apel-en-paises-bajos\/"},"modified":"2022-08-27T12:02:03","modified_gmt":"2022-08-27T16:02:03","slug":"evacuan-el-polemico-campamento-de-migrantes-de-ter-apel-en-paises-bajos","status":"publish","type":"post","link":"https:\/\/veneportal.com\/noticias\/2022\/08\/27\/evacuan-el-polemico-campamento-de-migrantes-de-ter-apel-en-paises-bajos\/","title":{"rendered":"Evac\u00faan el pol\u00e9mico campamento de migrantes de Ter Apel en Pa\u00edses Bajos"},"content":{"rendered":"<p>M\u00e1s de 400 refugiados han sido trasladados esta noche desde el centro de registro en el pueblo neerland\u00e9s de Ter Apel a otros puntos de Pa\u00edses Bajos, despu\u00e9s de que la Inspecci\u00f3n de Salud diera la voz de alarma por la situaci\u00f3n sanitaria y de higiene en el lugar, donde cientos de personas han dormido a la intemperie durante semanas. Milo Schoenmaker, presidente de la COA, acogi\u00f3 con satisfacci\u00f3n las medidas, con las que &#8220;se espera que el centro de solicitud en Ter Apel pueda aliviarse r\u00e1pidamente&#8221;, aunque admiti\u00f3 que &#8220;todav\u00eda no hay suficientes lugares disponibles para acomodar a todos&#8221;.<\/p>\n<p>La Agencia Central para la Recepci\u00f3n de Solicitantes de Asilo (COA) asegur\u00f3 este s\u00e1bado (27.08.2022) que la mayor\u00eda de los cientos de solicitantes de asilo que se hacinaban en la explanada del centro de registro han sido trasladados en autobuses a otros lugares en Utrecht, Stadskanaal, Zuidbroek, Almere y Groninga. En la mayor\u00eda de los casos se trata de alojamientos temporales (algunos solo para una noche) acordados con estos municipios debido a la presi\u00f3n de los inspectores de salud.<\/p>\n<p>Esta decisi\u00f3n repentina, que llega despu\u00e9s de semanas de denuncias sobre la situaci\u00f3n en la que se hacinaban, dorm\u00edan y viv\u00edan los solicitantes de asilo en Ter Apel, lleg\u00f3 despu\u00e9s de que la Inspecci\u00f3n de Salud y Atenci\u00f3n a la Juventud (IGJ) exigiera una &#8220;intervenci\u00f3n inmediata&#8221; entre advertencias sobre las consecuencias de la falta total de higiene en el lugar.<\/p>\n<p>Seg\u00fan los inspectores, que visitaron ayer los alrededores del centro para comprobar c\u00f3mo unas 700 personas se hacinaban en el c\u00e9sped y el aparcamiento del centro, los refugiados viven &#8220;en condiciones espantosas&#8221; y temen que &#8220;la falta de agua potable, ba\u00f1os limpios, duchas, lavabos y alojamiento&#8221; sea un riesgo para la propagaci\u00f3n de enfermedades infecciosas.<\/p>\n<p>Adem\u00e1s, seg\u00fan COA, algunos de los solicitantes de asilo no han querido irse esta noche por temor a perder su turno en el procedimiento de registro como refugiados, lo que tienen que hacer en Ter Apel a su llegada a Pa\u00edses Bajos como primer paso formal de su proceso de asilo en el pa\u00eds. Seg\u00fan la agencia neerlandesa ANP, hasta 80 personas optaron por seguir durmiendo en la explanada la pasada noche. El pa\u00eds ajustar\u00e1 adem\u00e1s la regla por la que los refugiados reagrupan a sus familiares y planea dejar de aceptar por ahora refugiados para aliviar la sobrecarga del centro. (efe\/ap)<\/p>\n<div class=\"venep-after-content venep-entity-placement\" id=\"venep-655751726\"><div id=\"venep-623575971\"><a href=\"https:\/\/veneportal.com\/directorio\/post-an-ad\/\" aria-label=\"list your business on veneportal for free\"><img src=\"https:\/\/veneportal.com\/noticias\/wp-content\/uploads\/sites\/2\/2021\/03\/list-your-business-for-free.png\" alt=\"list your business on veneportal for free\"  srcset=\"https:\/\/veneportal.com\/noticias\/wp-content\/uploads\/sites\/2\/2021\/03\/list-your-business-for-free.png 1748w, https:\/\/veneportal.com\/noticias\/wp-content\/uploads\/sites\/2\/2021\/03\/list-your-business-for-free-300x213.png 300w, https:\/\/veneportal.com\/noticias\/wp-content\/uploads\/sites\/2\/2021\/03\/list-your-business-for-free-1024x726.png 1024w, https:\/\/veneportal.com\/noticias\/wp-content\/uploads\/sites\/2\/2021\/03\/list-your-business-for-free-768x545.png 768w, https:\/\/veneportal.com\/noticias\/wp-content\/uploads\/sites\/2\/2021\/03\/list-your-business-for-free-1536x1090.png 1536w, https:\/\/veneportal.com\/noticias\/wp-content\/uploads\/sites\/2\/2021\/03\/list-your-business-for-free-600x426.png 600w\" sizes=\"(max-width: 1748px) 100vw, 1748px\" width=\"1748\" height=\"1240\"   \/><\/a><\/div><\/div>","protected":false},"excerpt":{"rendered":"<p>M\u00e1s de 400 refugiados han sido trasladados esta noche desde el centro de registro en el pueblo neerland\u00e9s de Ter Apel a otros puntos de Pa\u00edses Bajos, despu\u00e9s de que&hellip; <\/p>\n","protected":false},"author":505,"featured_media":28812,"comment_status":"open","ping_status":"open","sticky":false,"template":"","format":"standard","meta":{"footnotes":""},"categories":[85],"tags":[],"class_list":["post-28811","post","type-post","status-publish","format-standard","has-post-thumbnail","hentry","category-politica"],"_links":{"self":[{"href":"https:\/\/veneportal.com\/noticias\/wp-json\/wp\/v2\/posts\/28811","targetHints":{"allow":["GET"]}}],"collection":[{"href":"https:\/\/veneportal.com\/noticias\/wp-json\/wp\/v2\/posts"}],"about":[{"href":"https:\/\/veneportal.com\/noticias\/wp-json\/wp\/v2\/types\/post"}],"author":[{"embeddable":true,"href":"https:\/\/veneportal.com\/noticias\/wp-json\/wp\/v2\/users\/505"}],"replies":[{"embeddable":true,"href":"https:\/\/veneportal.com\/noticias\/wp-json\/wp\/v2\/comments?post=28811"}],"version-history":[{"count":0,"href":"https:\/\/veneportal.com\/noticias\/wp-json\/wp\/v2\/posts\/28811\/revisions"}],"wp:featuredmedia":[{"embeddable":true,"href":"https:\/\/veneportal.com\/noticias\/wp-json\/wp\/v2\/media\/28812"}],"wp:attachment":[{"href":"https:\/\/veneportal.com\/noticias\/wp-json\/wp\/v2\/media?parent=28811"}],"wp:term":[{"taxonomy":"category","embeddable":true,"href":"https:\/\/veneportal.com\/noticias\/wp-json\/wp\/v2\/categories?post=28811"},{"taxonomy":"post_tag","embeddable":true,"href":"https:\/\/veneportal.com\/noticias\/wp-json\/wp\/v2\/tags?post=28811"}],"curies":[{"name":"wp","href":"https:\/\/api.w.org\/{rel}","templated":true}]}}