{"id":28357,"date":"2022-08-21T23:00:05","date_gmt":"2022-08-22T03:00:05","guid":{"rendered":"https:\/\/veneportal.com\/noticias\/2022\/08\/21\/papa-francisco-expresa-preocupacion-por-la-situacion-en-nicaragua-2\/"},"modified":"2022-08-21T23:00:05","modified_gmt":"2022-08-22T03:00:05","slug":"papa-francisco-expresa-preocupacion-por-la-situacion-en-nicaragua-2","status":"publish","type":"post","link":"https:\/\/veneportal.com\/noticias\/2022\/08\/21\/papa-francisco-expresa-preocupacion-por-la-situacion-en-nicaragua-2\/","title":{"rendered":"Papa Francisco expresa \u201cpreocupaci\u00f3n\u201d por la situaci\u00f3n en Nicaragua"},"content":{"rendered":"<p>El l\u00edder religioso pidi\u00f3 que haya un di\u00e1logo para encontrar \u201clas bases para una convivencia respetuosa y pac\u00edfica\u201d, sin mencionar la reciente detenci\u00f3n de un obispo.El papa Francisco expres\u00f3 este domingo (21.08.2022) su preocupaci\u00f3n y dolor por la situaci\u00f3n en Nicaragua y pidi\u00f3 &#8220;un di\u00e1logo abierto y sincero&#8221; para que &#8220;se puedan encontrar las bases para una convivencia respetuosa y pac\u00edfica&#8221; en el pa\u00eds centroamericano, donde se vive una crisis pol\u00edtica que ha salpicado a la Iglesia cat\u00f3lica, tras ser arrestados altos funcionarios eclesi\u00e1sticos por orden del presidente Daniel Ortega.<\/p>\n<p>Al finalizar el rezo del \u00e1ngelus en la Plaza San Pedro, el argentino Jorge Mario Bergoglio no mencion\u00f3 directamente la detenci\u00f3n, el viernes, del obispo de la Di\u00f3cesis de Matagalpa y administrador apost\u00f3lico de la Di\u00f3cesis de Estel\u00ed, Rolando \u00c1lvarez, un abierto opositor al r\u00e9gimen orteguista, pero s\u00ed habl\u00f3 sobre la situaci\u00f3n en Nicaragua, asunto al que no se hab\u00eda referido hasta la fecha.<\/p>\n<p>&#8220;Sigo con cercan\u00eda con preocupaci\u00f3n y dolor la situaci\u00f3n que se ha creado en Nicaragua que afecta a personas e instituciones, quisiera expresar mi convicci\u00f3n y mi deseo de que por medio de un dialogo abierto y sincero se pueden encontrar la bases para una convivencia respetuosa y pac\u00edfica&#8221;, dijo Francisco, que tambi\u00e9n pidi\u00f3 &#8220;por la intercesi\u00f3n que la Pur\u00edsima (como se conoce a la Virgen en Nicaragua) inspire en los corazones de todas las partes tal concreta voluntad\u201d.<\/p>\n<p>Quince d\u00edas asediados<\/p>\n<p>\u00c1lvarez fue detenido junto con cinco sacerdotes, dos seminaristas y un camar\u00f3grafo, y trasladado a su residencia familiar en Managua, donde permanece privado de libertad, en el \u00faltimo episodio del enfrentamiento entre el gobierno y la Iglesia cat\u00f3lica. La Polic\u00eda precis\u00f3 que tom\u00f3 la decisi\u00f3n de trasladar a \u00c1lvarez debido a que persist\u00eda en sus actividades &#8220;desestabilizadoras y provocadoras&#8221;.<\/p>\n<p>El religioso, de 55 a\u00f1os, estuvo 15 d\u00edas sitiado en la curia de Matagalpa por las fuerzas de seguridad, en el marco de una pesquisa por &#8220;organizar grupos violentos&#8221; e incitar al &#8220;odio&#8221; para &#8220;desestabilizar al Estado de Nicaragua&#8221;. El obispo hab\u00eda denunciado el cierre por parte de las autoridades de cinco emisoras cat\u00f3licas y hab\u00eda reclamado al gobierno de Ortega respeto a la &#8220;libertad&#8221; religiosa.<\/p>\n<p>DZC (EFE, AFP)<\/p>\n<div class=\"venep-after-content venep-entity-placement\" id=\"venep-3867142994\"><div id=\"venep-1705840131\"><a href=\"https:\/\/veneportal.com\/directorio\/post-an-ad\/\" aria-label=\"list your business on veneportal for free\"><img src=\"https:\/\/veneportal.com\/noticias\/wp-content\/uploads\/sites\/2\/2021\/03\/list-your-business-for-free.png\" alt=\"list your business on veneportal for free\"  srcset=\"https:\/\/veneportal.com\/noticias\/wp-content\/uploads\/sites\/2\/2021\/03\/list-your-business-for-free.png 1748w, https:\/\/veneportal.com\/noticias\/wp-content\/uploads\/sites\/2\/2021\/03\/list-your-business-for-free-300x213.png 300w, https:\/\/veneportal.com\/noticias\/wp-content\/uploads\/sites\/2\/2021\/03\/list-your-business-for-free-1024x726.png 1024w, https:\/\/veneportal.com\/noticias\/wp-content\/uploads\/sites\/2\/2021\/03\/list-your-business-for-free-768x545.png 768w, https:\/\/veneportal.com\/noticias\/wp-content\/uploads\/sites\/2\/2021\/03\/list-your-business-for-free-1536x1090.png 1536w, https:\/\/veneportal.com\/noticias\/wp-content\/uploads\/sites\/2\/2021\/03\/list-your-business-for-free-600x426.png 600w\" sizes=\"(max-width: 1748px) 100vw, 1748px\" width=\"1748\" height=\"1240\"   \/><\/a><\/div><\/div>","protected":false},"excerpt":{"rendered":"<p>El l\u00edder religioso pidi\u00f3 que haya un di\u00e1logo para encontrar \u201clas bases para una convivencia respetuosa y pac\u00edfica\u201d, sin mencionar la reciente detenci\u00f3n de un obispo.El papa Francisco expres\u00f3 este&hellip; <\/p>\n","protected":false},"author":505,"featured_media":28334,"comment_status":"open","ping_status":"open","sticky":false,"template":"","format":"standard","meta":{"footnotes":""},"categories":[84],"tags":[],"class_list":["post-28357","post","type-post","status-publish","format-standard","has-post-thumbnail","hentry","category-america-latina"],"_links":{"self":[{"href":"https:\/\/veneportal.com\/noticias\/wp-json\/wp\/v2\/posts\/28357","targetHints":{"allow":["GET"]}}],"collection":[{"href":"https:\/\/veneportal.com\/noticias\/wp-json\/wp\/v2\/posts"}],"about":[{"href":"https:\/\/veneportal.com\/noticias\/wp-json\/wp\/v2\/types\/post"}],"author":[{"embeddable":true,"href":"https:\/\/veneportal.com\/noticias\/wp-json\/wp\/v2\/users\/505"}],"replies":[{"embeddable":true,"href":"https:\/\/veneportal.com\/noticias\/wp-json\/wp\/v2\/comments?post=28357"}],"version-history":[{"count":0,"href":"https:\/\/veneportal.com\/noticias\/wp-json\/wp\/v2\/posts\/28357\/revisions"}],"wp:featuredmedia":[{"embeddable":true,"href":"https:\/\/veneportal.com\/noticias\/wp-json\/wp\/v2\/media\/28334"}],"wp:attachment":[{"href":"https:\/\/veneportal.com\/noticias\/wp-json\/wp\/v2\/media?parent=28357"}],"wp:term":[{"taxonomy":"category","embeddable":true,"href":"https:\/\/veneportal.com\/noticias\/wp-json\/wp\/v2\/categories?post=28357"},{"taxonomy":"post_tag","embeddable":true,"href":"https:\/\/veneportal.com\/noticias\/wp-json\/wp\/v2\/tags?post=28357"}],"curies":[{"name":"wp","href":"https:\/\/api.w.org\/{rel}","templated":true}]}}