{"id":27847,"date":"2022-08-14T06:02:03","date_gmt":"2022-08-14T10:02:03","guid":{"rendered":"https:\/\/veneportal.com\/noticias\/2022\/08\/14\/ortega-prohibe-procesiones-y-vigila-misa-catolica-en-nicaragua-2\/"},"modified":"2024-04-21T13:37:09","modified_gmt":"2024-04-21T17:37:09","slug":"ortega-prohibe-procesiones-y-vigila-misa-catolica-en-nicaragua-2","status":"publish","type":"post","link":"https:\/\/veneportal.com\/noticias\/2022\/08\/14\/ortega-prohibe-procesiones-y-vigila-misa-catolica-en-nicaragua-2\/","title":{"rendered":"Ortega proh\u00edbe procesiones y vigila misa cat\u00f3lica en Nicaragua"},"content":{"rendered":"<p>La polic\u00eda prohibi\u00f3 \u201cpor razones de seguridad interna\u201d una procesi\u00f3n en la capital y otros templos cat\u00f3licos del pa\u00eds.Cientos de nicarag\u00fcenses asistieron el s\u00e1bado (13.o8.2022) a una misa en la catedral de Managua bajo vigilancia policial, despu\u00e9s que el gobierno prohibiera una procesi\u00f3n y en medio de fuertes tensiones entre la administraci\u00f3n de Daniel Ortega y la Iglesia cat\u00f3lica.<\/p>\n<p>Los fieles se reunieron en los predios del edificio religioso para recibir a la venerada imagen la Virgen de F\u00e1tima, mientras en los alrededores la polic\u00eda despleg\u00f3 efectivos.<\/p>\n<p>La Arquidi\u00f3cesis de Managua convoc\u00f3 a una misa despu\u00e9s de informar que la Polic\u00eda hab\u00eda prohibido &#8220;por razones de seguridad interna\u201d un peregrinaje con la virgen de F\u00e1tima que se hab\u00eda organizado por las calles de la capital.<\/p>\n<p>La prohibici\u00f3n de las procesiones por parte del r\u00e9gimen de Daniel Ortega alcanz\u00f3 este fin de semana a otros templos del pa\u00eds centroamericano.<\/p>\n<p>&#8220;La Parroquia Cristo Rey de Telpaneca, en Madriz, (norte inform\u00f3 que por orientaciones expresas de la Polic\u00eda Nacional, no realizar\u00e1n la procesi\u00f3n de la Virgen el pr\u00f3ximo 14 de agosto\u201d, tuite\u00f3 el diario La Prensa.<\/p>\n<p>El rotativo que funciona \u00fanicamente a trav\u00e9s de su plataforma de noticias, luego que su edificio fuera ocupado por la polic\u00eda hace a\u00f1o, agreg\u00f3 que otras parroquias del pa\u00eds tambi\u00e9n confirmaron la medida policial respecto a las procesiones p\u00fablicas.<\/p>\n<p>Admite que no ve soluci\u00f3n al acoso contra obispo<\/p>\n<p>Mientras en Managua, el arzobispo capitalino y cardenal Leopoldo Brenes, dijo que durante su homil\u00eda que se reun\u00edan este s\u00e1bado &#8220;con mucha alegr\u00eda pero tambi\u00e9n con mucha tristeza\u201d debido a &#8220;la situaci\u00f3n que hemos vivido en nuestras parroquias\u201d, en alusi\u00f3n a la crisis con el gobierno.<\/p>\n<p>El cardenal nicarag\u00fcense y arzobispo de Managua, Leopoldo Brenes, afirm\u00f3 el s\u00e1bado que la Iglesia espera encontrar una salida a la situaci\u00f3n del obispo Rolando \u00c1lvarez, retenido desde hace nueve d\u00edas en su curia por la polic\u00eda, acusado de intentar &#8220;desestabilizar&#8221; el pa\u00eds.<\/p>\n<p>No obstante, admiti\u00f3 que a lo inmediato &#8220;no&#8221; ve una soluci\u00f3n a la crisis que vive \u00c1lvarez, de la Di\u00f3cesis de Matagalpa, en el norte de Nicaragua<\/p>\n<p>Monse\u00f1or \u00c1lvarez contin\u00faa sitiado<\/p>\n<p>\u00c1lvarez, un fuerte cr\u00edtico del gobierno de Daniel Ortega y miembro del CEN, no puede salir de la curia desde el pasado 4 de agosto, donde permanece junto a otras 10 personas, pues est\u00e1 rodeada por un amplio cerco policial.<\/p>\n<p>El obispo qued\u00f3 sitiado tras denunciar la decisi\u00f3n de las autoridades de cerrar cinco emisoras cat\u00f3licas y exigir al gobierno que respete &#8220;la libertad&#8221; religiosa.<\/p>\n<p>La polic\u00eda dijo que investiga a \u00c1lvarez por intentar &#8220;organizar grupos violentos&#8221; e incitar al &#8220;odio&#8221; con el &#8220;prop\u00f3sito de desestabilizar al Estado de Nicaragua&#8221;.<\/p>\n<p>Las pesquisas contra el religioso se producen en medio de las tensas relaciones que la iglesia cat\u00f3lica tiene con el gobierno de Ortega desde las protestas opositoras de 2018, cuando varios templos abrieron sus puertas para refugiar a los manifestantes heridos y a los que hu\u00edan de la represi\u00f3n.<\/p>\n<p>jc (afp, ap, La Prensa, Confidencial)<\/p>\n<div class=\"venep-after-content venep-entity-placement\" id=\"venep-3108021006\"><div id=\"venep-2980170874\"><script async src=\"https:\/\/pagead2.googlesyndication.com\/pagead\/js\/adsbygoogle.js?client=ca-pub-5862940809620110\"\r\n     crossorigin=\"anonymous\"><\/script>\r\n<ins class=\"adsbygoogle\"\r\n     style=\"display:block\"\r\n     data-ad-format=\"fluid\"\r\n     data-ad-layout-key=\"-6t+ed+2i-1n-4w\"\r\n     data-ad-client=\"ca-pub-5862940809620110\"\r\n     data-ad-slot=\"7946604715\"><\/ins>\r\n<script>\r\n     (adsbygoogle = window.adsbygoogle || []).push({});\r\n<\/script><\/div><\/div>","protected":false},"excerpt":{"rendered":"<p>La polic\u00eda prohibi\u00f3 \u201cpor razones de seguridad interna\u201d una procesi\u00f3n en la capital y otros templos cat\u00f3licos del pa\u00eds.Cientos de nicarag\u00fcenses asistieron el s\u00e1bado (13.o8.2022) a una misa en la&hellip; <\/p>\n","protected":false},"author":505,"featured_media":27845,"comment_status":"open","ping_status":"open","sticky":false,"template":"","format":"standard","meta":{"footnotes":""},"categories":[116,81],"tags":[],"class_list":["post-27847","post","type-post","status-publish","format-standard","has-post-thumbnail","hentry","category-iglesia-catolica","category-actualidad"],"_links":{"self":[{"href":"https:\/\/veneportal.com\/noticias\/wp-json\/wp\/v2\/posts\/27847","targetHints":{"allow":["GET"]}}],"collection":[{"href":"https:\/\/veneportal.com\/noticias\/wp-json\/wp\/v2\/posts"}],"about":[{"href":"https:\/\/veneportal.com\/noticias\/wp-json\/wp\/v2\/types\/post"}],"author":[{"embeddable":true,"href":"https:\/\/veneportal.com\/noticias\/wp-json\/wp\/v2\/users\/505"}],"replies":[{"embeddable":true,"href":"https:\/\/veneportal.com\/noticias\/wp-json\/wp\/v2\/comments?post=27847"}],"version-history":[{"count":1,"href":"https:\/\/veneportal.com\/noticias\/wp-json\/wp\/v2\/posts\/27847\/revisions"}],"predecessor-version":[{"id":58582,"href":"https:\/\/veneportal.com\/noticias\/wp-json\/wp\/v2\/posts\/27847\/revisions\/58582"}],"wp:featuredmedia":[{"embeddable":true,"href":"https:\/\/veneportal.com\/noticias\/wp-json\/wp\/v2\/media\/27845"}],"wp:attachment":[{"href":"https:\/\/veneportal.com\/noticias\/wp-json\/wp\/v2\/media?parent=27847"}],"wp:term":[{"taxonomy":"category","embeddable":true,"href":"https:\/\/veneportal.com\/noticias\/wp-json\/wp\/v2\/categories?post=27847"},{"taxonomy":"post_tag","embeddable":true,"href":"https:\/\/veneportal.com\/noticias\/wp-json\/wp\/v2\/tags?post=27847"}],"curies":[{"name":"wp","href":"https:\/\/api.w.org\/{rel}","templated":true}]}}