{"id":27481,"date":"2022-08-09T23:00:03","date_gmt":"2022-08-10T03:00:03","guid":{"rendered":"https:\/\/veneportal.com\/noticias\/2022\/08\/09\/polemica-por-gesto-del-rey-felipe-vi-de-no-levantarse-ante-la-espada-de-bolivar-en-colombia-2\/"},"modified":"2022-08-09T23:00:03","modified_gmt":"2022-08-10T03:00:03","slug":"polemica-por-gesto-del-rey-felipe-vi-de-no-levantarse-ante-la-espada-de-bolivar-en-colombia-2","status":"publish","type":"post","link":"https:\/\/veneportal.com\/noticias\/2022\/08\/09\/polemica-por-gesto-del-rey-felipe-vi-de-no-levantarse-ante-la-espada-de-bolivar-en-colombia-2\/","title":{"rendered":"Pol\u00e9mica por gesto del rey Felipe VI de no levantarse ante la espada de Bol\u00edvar en Colombia"},"content":{"rendered":"<p>El lado socialista del Gobierno de coalici\u00f3n en Espa\u00f1a busc\u00f3 minimizar la pol\u00e9mica, que tuvo eco en algunos medios espa\u00f1oles.El partido de izquierda radical Podemos, parte del gobierno de coalici\u00f3n de Espa\u00f1a, critic\u00f3 que el rey Felipe VI no se levantara ante la espada de Sim\u00f3n Bol\u00edvar durante la investidura este domingo (09.07.2022) del nuevo presidente colombiano, Gustavo Petro, y pidi\u00f3 que Madrid se disculpe. <\/p>\n<p>&#8220;La espada de Bol\u00edvar representa la soberan\u00eda de Latinoam\u00e9rica. El rey Felipe VI ha sido el \u00fanico jefe de Estado que ha permanecido sentado a su paso en la toma de posesi\u00f3n del nuevo presidente de Colombia. Una falta de respeto grave&#8221;, tuite\u00f3 la noche del lunes Podemos, una formaci\u00f3n abiertamente republicana y cr\u00edtica de la monarqu\u00eda. <\/p>\n<p>Seg\u00fan videos de ese momento, cuando la espada del h\u00e9roe independentista latinoamericano Sim\u00f3n Bol\u00edvar era llevada en una urna de vidrio hasta la plaza que lleva su nombre, donde ten\u00eda lugar el acto de investidura del izquierdista Petro, el rey de Espa\u00f1a se mantuvo sentado, mientras otros dignatarios se levantaban y aplaud\u00edan.  <\/p>\n<p>&#8220;Es inexplicable lo ocurrido y merece una disculpa&#8221;, tuite\u00f3 Ione Belarra, ministra de Derechos Sociales y secretaria general de Podemos, socio minoritario de los socialistas en el gobierno de Pedro S\u00e1nchez. <\/p>\n<p>Su antecesor al frente de Podemos, Pablo Iglesias, vicepresidente del gobierno hasta su renuncia en marzo de 2021, escribi\u00f3 en la red social: &#8220;Ojal\u00e1 pronto a Espa\u00f1a la represente una presidenta o un presidente de la Rep\u00fablica votado por los ciudadanos&#8221;. <\/p>\n<p>Gobierno pide no caer en pol\u00e9micas &#8220;intrascendentes&#8221; <\/p>\n<p>Por su parte, el Gobierno espa\u00f1ol ha pedido no quedarse en &#8220;temas intrascendentes&#8221; como la decisi\u00f3n del rey Felipe VI de permanecer sentado, en vez de en las buenas relaciones bilaterales.<\/p>\n<p>&#8220;Yo no s\u00e9 si me pasa una espada por delante, si me levante o no&#8221;, dijo a la radio p\u00fablica RNE el ministro de Cultura, el socialista Miquel Iceta, quien consider\u00f3 que pedir que Madrid se disculpe es &#8220;absolutamente disparatado y desproporcionado&#8221;. <\/p>\n<p>&#8220;Son estas pol\u00e9micas veraniegas y que sirven para que algunos marquen una especie de posici\u00f3n pol\u00edtica, pero yo no le dar\u00eda la importancia o la trascendencia que se le est\u00e1 dando&#8221;, agreg\u00f3 Iceta.<\/p>\n<p>FEW (AFP, EFE)<\/p>\n<div class=\"venep-after-content venep-entity-placement\" id=\"venep-3490894822\"><div id=\"venep-636652409\"><a href=\"https:\/\/www.silverstarfinancialservices.com\/\" aria-label=\"silverstar financial\"><img src=\"https:\/\/veneportal.com\/noticias\/wp-content\/uploads\/sites\/2\/2022\/06\/silverstar-financial-2.png\" alt=\"silverstar financial\"  srcset=\"https:\/\/veneportal.com\/noticias\/wp-content\/uploads\/sites\/2\/2022\/06\/silverstar-financial-2.png 1748w, https:\/\/veneportal.com\/noticias\/wp-content\/uploads\/sites\/2\/2022\/06\/silverstar-financial-2-300x213.png 300w, https:\/\/veneportal.com\/noticias\/wp-content\/uploads\/sites\/2\/2022\/06\/silverstar-financial-2-1024x726.png 1024w, https:\/\/veneportal.com\/noticias\/wp-content\/uploads\/sites\/2\/2022\/06\/silverstar-financial-2-768x545.png 768w, https:\/\/veneportal.com\/noticias\/wp-content\/uploads\/sites\/2\/2022\/06\/silverstar-financial-2-1536x1090.png 1536w, https:\/\/veneportal.com\/noticias\/wp-content\/uploads\/sites\/2\/2022\/06\/silverstar-financial-2-600x426.png 600w\" sizes=\"(max-width: 1748px) 100vw, 1748px\" width=\"559\" height=\"397\"   \/><\/a><\/div><\/div>","protected":false},"excerpt":{"rendered":"<p>El lado socialista del Gobierno de coalici\u00f3n en Espa\u00f1a busc\u00f3 minimizar la pol\u00e9mica, que tuvo eco en algunos medios espa\u00f1oles.El partido de izquierda radical Podemos, parte del gobierno de coalici\u00f3n&hellip; <\/p>\n","protected":false},"author":505,"featured_media":27445,"comment_status":"open","ping_status":"open","sticky":false,"template":"","format":"standard","meta":{"footnotes":""},"categories":[84],"tags":[],"class_list":["post-27481","post","type-post","status-publish","format-standard","has-post-thumbnail","hentry","category-america-latina"],"_links":{"self":[{"href":"https:\/\/veneportal.com\/noticias\/wp-json\/wp\/v2\/posts\/27481","targetHints":{"allow":["GET"]}}],"collection":[{"href":"https:\/\/veneportal.com\/noticias\/wp-json\/wp\/v2\/posts"}],"about":[{"href":"https:\/\/veneportal.com\/noticias\/wp-json\/wp\/v2\/types\/post"}],"author":[{"embeddable":true,"href":"https:\/\/veneportal.com\/noticias\/wp-json\/wp\/v2\/users\/505"}],"replies":[{"embeddable":true,"href":"https:\/\/veneportal.com\/noticias\/wp-json\/wp\/v2\/comments?post=27481"}],"version-history":[{"count":0,"href":"https:\/\/veneportal.com\/noticias\/wp-json\/wp\/v2\/posts\/27481\/revisions"}],"wp:featuredmedia":[{"embeddable":true,"href":"https:\/\/veneportal.com\/noticias\/wp-json\/wp\/v2\/media\/27445"}],"wp:attachment":[{"href":"https:\/\/veneportal.com\/noticias\/wp-json\/wp\/v2\/media?parent=27481"}],"wp:term":[{"taxonomy":"category","embeddable":true,"href":"https:\/\/veneportal.com\/noticias\/wp-json\/wp\/v2\/categories?post=27481"},{"taxonomy":"post_tag","embeddable":true,"href":"https:\/\/veneportal.com\/noticias\/wp-json\/wp\/v2\/tags?post=27481"}],"curies":[{"name":"wp","href":"https:\/\/api.w.org\/{rel}","templated":true}]}}