{"id":27477,"date":"2022-08-09T23:00:03","date_gmt":"2022-08-10T03:00:03","guid":{"rendered":"https:\/\/veneportal.com\/noticias\/2022\/08\/09\/mas-de-71-000-migrantes-ilegales-cruzan-el-darien-en-2022\/"},"modified":"2022-08-09T23:00:03","modified_gmt":"2022-08-10T03:00:03","slug":"mas-de-71-000-migrantes-ilegales-cruzan-el-darien-en-2022","status":"publish","type":"post","link":"https:\/\/veneportal.com\/noticias\/2022\/08\/09\/mas-de-71-000-migrantes-ilegales-cruzan-el-darien-en-2022\/","title":{"rendered":"M\u00e1s de 71.000 migrantes ilegales cruzan el Dari\u00e9n en 2022"},"content":{"rendered":"<p>Las cifras establecen que el 63 por ciento de los migrantes son venezolanos, en segundo lugar de Hait\u00ed y le siguen de Senegal.En los primeros 7 meses de este a\u00f1o, 71.012 migrantes cruzaron la peligrosa selva del Dari\u00e9n, fronteriza con Colombia, en su viaje hacia Norteam\u00e9rica, el 63,28 por ciento (44.943) de ellos venezolanos, seg\u00fan cifras del Servicio Nacional de Migraci\u00f3n (SNM) de Panam\u00e1 difundidas este martes (09.08.2022).<\/p>\n<p>El n\u00famero acumulado hasta julio pasado es un 57,7 por ciento superior a los 45.029 migrantes irregulares registrados en igual per\u00edodo de 2021, a\u00f1o que cerr\u00f3 con la cifra in\u00e9dita de 133.726 de estos viajeros en tr\u00e1nsito por Panam\u00e1, pa\u00eds que sirve de entrada a Centroam\u00e9rica.<\/p>\n<p>Julio ha sido el mes de mayor flujo en lo que va de 2022, con un total de 22.582 migrantes irregulares que llegaron a la provincia paname\u00f1a de Dari\u00e9n tras atravesar la selva, de los cuales 16.864 (74,6 %) eran venezolanos.<\/p>\n<p>Panam\u00e1 acoge a los viajeros irregulares en estaciones de recepci\u00f3n migratorias (ERM) situadas en su frontera con Colombia (sur) y con Costa Rica (norte), donde toman sus datos biom\u00e9tricos y reciben alimentaci\u00f3n y atenci\u00f3n m\u00e9dica, en un operativo \u00fanico en la regi\u00f3n que consume millones de d\u00f3lares anuales, como ha dicho el Gobierno.<\/p>\n<p>A los venezolanos les siguen los haitianos y los cubanos, con unos 4.821 y 3.133, respectivamente, que entraron a Panam\u00e1 a trav\u00e9s de la selva del Dari\u00e9n entre enero y julio pasados.<\/p>\n<p>&#8220;Combinaci\u00f3n de problemas&#8221;<\/p>\n<p>Seg\u00fan las estad\u00edsticas paname\u00f1as de julio pasado, los haitianos siguieron en ese mes en segundo lugar con 983 de sus nacionales cruzando la selva, pero en tercer lugar se situaron ciudadanos de Senegal (883) por encima de los cubanos (574).<\/p>\n<p>En una entrevista con Efe en el marco de una visita a Panam\u00e1 a finales de julio, el secretario general de la Cruz Roja Internacional, el nepal\u00ed Jagan Chapagain, afirm\u00f3 que el flujo migratorio irregular &#8220;est\u00e1 aumentando dr\u00e1sticamente&#8221; en Centroam\u00e9rica y M\u00e9xico.<\/p>\n<p>Ello debido a una &#8220;combinaci\u00f3n de problemas&#8221; como la pobreza, la inseguridad por conflictos internos o violencia, los desastres naturales y ahora el &#8220;impacto devastador&#8221; de la pandemia de COVID-19 y la guerra en Ucrania, que &#8220;ha dado lugar a un importante movimiento de personas&#8221; en el mundo, dijo Chapagain.<\/p>\n<p>El Servicio Nacional de Migraci\u00f3n inform\u00f3 este martes que tres migrantes irregulares de nacionalidad venezolana y colombiana fallecieron ahogados el lunes cuando se ba\u00f1aban en el r\u00edo Armila, en la zona fronteriza.<\/p>\n<p>Centroam\u00e9rica es desde hace a\u00f1os una ruta para personas en movilidad procedentes de todo el mundo que se dirigen principalmente a Estados Unidos, pero al mismo tiempo su Tri\u00e1ngulo Norte &#8211; compuesto por Honduras, Guatemala y El Salvador &#8211; es origen de miles de migrantes que buscan el &#8220;sue\u00f1o americano&#8221; estadounidense.<\/p>\n<p>mg (efe, Acnur)<\/p>\n<div class=\"venep-after-content venep-entity-placement\" id=\"venep-2616666319\"><div id=\"venep-2869434562\"><script async src=\"https:\/\/pagead2.googlesyndication.com\/pagead\/js\/adsbygoogle.js?client=ca-pub-5862940809620110\"\r\n     crossorigin=\"anonymous\"><\/script>\r\n<ins class=\"adsbygoogle\"\r\n     style=\"display:block\"\r\n     data-ad-format=\"fluid\"\r\n     data-ad-layout-key=\"-6t+ed+2i-1n-4w\"\r\n     data-ad-client=\"ca-pub-5862940809620110\"\r\n     data-ad-slot=\"7946604715\"><\/ins>\r\n<script>\r\n     (adsbygoogle = window.adsbygoogle || []).push({});\r\n<\/script><\/div><\/div>","protected":false},"excerpt":{"rendered":"<p>Las cifras establecen que el 63 por ciento de los migrantes son venezolanos, en segundo lugar de Hait\u00ed y le siguen de Senegal.En los primeros 7 meses de este a\u00f1o,&hellip; <\/p>\n","protected":false},"author":505,"featured_media":27478,"comment_status":"open","ping_status":"open","sticky":false,"template":"","format":"standard","meta":{"footnotes":""},"categories":[84],"tags":[],"class_list":["post-27477","post","type-post","status-publish","format-standard","has-post-thumbnail","hentry","category-america-latina"],"_links":{"self":[{"href":"https:\/\/veneportal.com\/noticias\/wp-json\/wp\/v2\/posts\/27477","targetHints":{"allow":["GET"]}}],"collection":[{"href":"https:\/\/veneportal.com\/noticias\/wp-json\/wp\/v2\/posts"}],"about":[{"href":"https:\/\/veneportal.com\/noticias\/wp-json\/wp\/v2\/types\/post"}],"author":[{"embeddable":true,"href":"https:\/\/veneportal.com\/noticias\/wp-json\/wp\/v2\/users\/505"}],"replies":[{"embeddable":true,"href":"https:\/\/veneportal.com\/noticias\/wp-json\/wp\/v2\/comments?post=27477"}],"version-history":[{"count":0,"href":"https:\/\/veneportal.com\/noticias\/wp-json\/wp\/v2\/posts\/27477\/revisions"}],"wp:featuredmedia":[{"embeddable":true,"href":"https:\/\/veneportal.com\/noticias\/wp-json\/wp\/v2\/media\/27478"}],"wp:attachment":[{"href":"https:\/\/veneportal.com\/noticias\/wp-json\/wp\/v2\/media?parent=27477"}],"wp:term":[{"taxonomy":"category","embeddable":true,"href":"https:\/\/veneportal.com\/noticias\/wp-json\/wp\/v2\/categories?post=27477"},{"taxonomy":"post_tag","embeddable":true,"href":"https:\/\/veneportal.com\/noticias\/wp-json\/wp\/v2\/tags?post=27477"}],"curies":[{"name":"wp","href":"https:\/\/api.w.org\/{rel}","templated":true}]}}