{"id":26847,"date":"2022-08-02T12:00:30","date_gmt":"2022-08-02T16:00:30","guid":{"rendered":"https:\/\/veneportal.com\/noticias\/2022\/08\/02\/protestas-contra-mision-de-onu-en-republica-del-congo-dejan-unos-33-muertos\/"},"modified":"2022-08-02T12:00:30","modified_gmt":"2022-08-02T16:00:30","slug":"protestas-contra-mision-de-onu-en-republica-del-congo-dejan-unos-33-muertos","status":"publish","type":"post","link":"https:\/\/veneportal.com\/noticias\/2022\/08\/02\/protestas-contra-mision-de-onu-en-republica-del-congo-dejan-unos-33-muertos\/","title":{"rendered":"Protestas contra misi\u00f3n de ONU en Rep\u00fablica del Congo dejan unos 33 muertos"},"content":{"rendered":"<p>Al menos 33 personas murieron, incluyendo civiles y cuatro cascos azules, en protestas violentas contra la presencia de la misi\u00f3n de cascos azules de Naciones Unidas (MONUSCO) en la Rep\u00fablica Democr\u00e1tica del Congo (RDC).&#8221;En su informe, la comisi\u00f3n especial dirigida por el ministro de Interior se\u00f1ala un c\u00f3mputo de p\u00e9rdidas humanas de 36 muertos&#8221;, incluyendo tres civiles fallecidos en otro incidente este domingo, cuando soldados de la misi\u00f3n de la ONU (MONUSCO) fueron atacados y tuvieron que disparar en un puesto fronterizo con Uganda, se\u00f1al\u00f3 el portavoz del Gobierno congole\u00f1o, Patrick Muyaya, tras un reuni\u00f3n de emergencia del Ejecutivo, seg\u00fan recogen hoy medios locales.<\/p>\n<p>Las protestas, que empezaron el s\u00e1bado 25 de julio, desembocaron el lunes y martes siguiente en el asalto y saqueo de algunas instalaciones de la ONU en Goma -donde muchas organizaciones humanitarias que operan en la regi\u00f3n tienen su sede- antes de extenderse a otras localidades y provocaron la evacuaci\u00f3n del personal de la ONU.<\/p>\n<p>Fuerzas en la RDC no quieren la presencia de la ONU<\/p>\n<p>&#8220;La comisi\u00f3n gubernamental tambi\u00e9n tuvo conversaciones con diversos actores de la sociedad civil de Goma y Butembo (&#8230;) La poblaci\u00f3n manifest\u00f3 una demanda clara: ver partir de la RDC a la MONUSCO&#8221;, a\u00f1adi\u00f3 Muyaya. Por otro lado, el presidente del pa\u00eds, F\u00e9lix Tshisekedi, mantuvo este lunes una conversaci\u00f3n con el secretario general de la ONU, Ant\u00f3nio Guterres, para abordar esta crisis, seg\u00fan inform\u00f3 la Presidencia congole\u00f1a a trav\u00e9s de Twitter.<\/p>\n<p>Este fin de semana, el subsecretario general de la ONU para las operaciones de paz, Jean-Pierre Lacroix, se desplaz\u00f3 al pa\u00eds y asegur\u00f3 que la ONU desea que &#8220;se cumplan las condiciones para que la MONUSCO pueda terminar su misi\u00f3n y dar espacio a otras formas de apoyo internacional&#8221;. El este de la RDC est\u00e1 sumido desde 1998 en un conflicto alimentado por las milicias rebeldes y los ataques de los soldados del Ej\u00e9rcito, pese a la presencia de la MONUSCO, que cuenta con unos 14.000 efectivos.<\/p>\n<p>jov (efe, rfi)<\/p>\n<div class=\"venep-after-content venep-entity-placement\" id=\"venep-3329986272\"><div id=\"venep-3173778488\"><a href=\"https:\/\/veneportal.com\/clasificados\/listing\/ary-b-ilustraciones\/\" aria-label=\"ari b ilustraciones\"><img src=\"https:\/\/veneportal.com\/noticias\/wp-content\/uploads\/sites\/2\/2021\/07\/4.png\" alt=\"ari b ilustraciones\"  width=\"300\" height=\"250\"   \/><\/a><\/div><\/div>","protected":false},"excerpt":{"rendered":"<p>Al menos 33 personas murieron, incluyendo civiles y cuatro cascos azules, en protestas violentas contra la presencia de la misi\u00f3n de cascos azules de Naciones Unidas (MONUSCO) en la Rep\u00fablica&hellip; <\/p>\n","protected":false},"author":505,"featured_media":26848,"comment_status":"open","ping_status":"open","sticky":false,"template":"","format":"standard","meta":{"footnotes":""},"categories":[85],"tags":[],"class_list":["post-26847","post","type-post","status-publish","format-standard","has-post-thumbnail","hentry","category-politica"],"_links":{"self":[{"href":"https:\/\/veneportal.com\/noticias\/wp-json\/wp\/v2\/posts\/26847","targetHints":{"allow":["GET"]}}],"collection":[{"href":"https:\/\/veneportal.com\/noticias\/wp-json\/wp\/v2\/posts"}],"about":[{"href":"https:\/\/veneportal.com\/noticias\/wp-json\/wp\/v2\/types\/post"}],"author":[{"embeddable":true,"href":"https:\/\/veneportal.com\/noticias\/wp-json\/wp\/v2\/users\/505"}],"replies":[{"embeddable":true,"href":"https:\/\/veneportal.com\/noticias\/wp-json\/wp\/v2\/comments?post=26847"}],"version-history":[{"count":0,"href":"https:\/\/veneportal.com\/noticias\/wp-json\/wp\/v2\/posts\/26847\/revisions"}],"wp:featuredmedia":[{"embeddable":true,"href":"https:\/\/veneportal.com\/noticias\/wp-json\/wp\/v2\/media\/26848"}],"wp:attachment":[{"href":"https:\/\/veneportal.com\/noticias\/wp-json\/wp\/v2\/media?parent=26847"}],"wp:term":[{"taxonomy":"category","embeddable":true,"href":"https:\/\/veneportal.com\/noticias\/wp-json\/wp\/v2\/categories?post=26847"},{"taxonomy":"post_tag","embeddable":true,"href":"https:\/\/veneportal.com\/noticias\/wp-json\/wp\/v2\/tags?post=26847"}],"curies":[{"name":"wp","href":"https:\/\/api.w.org\/{rel}","templated":true}]}}