{"id":26826,"date":"2022-08-02T06:02:02","date_gmt":"2022-08-02T10:02:02","guid":{"rendered":"https:\/\/veneportal.com\/noticias\/2022\/08\/02\/ortega-ordena-cierre-de-seis-emisoras-catolicas-en-nicaragua-2\/"},"modified":"2024-04-21T13:37:12","modified_gmt":"2024-04-21T17:37:12","slug":"ortega-ordena-cierre-de-seis-emisoras-catolicas-en-nicaragua-2","status":"publish","type":"post","link":"https:\/\/veneportal.com\/noticias\/2022\/08\/02\/ortega-ordena-cierre-de-seis-emisoras-catolicas-en-nicaragua-2\/","title":{"rendered":"Ortega ordena cierre de seis emisoras cat\u00f3licas en Nicaragua"},"content":{"rendered":"<p>La iglesia denunci\u00f3 que la polic\u00eda ingres\u00f3 a la fuerza a una capilla para llevarse los equipos de transmisi\u00f3n de una radioemisora.El gobierno de Daniel Ortega orden\u00f3 el lunes (01.08.2022) el cierre de seis radioemisoras de la Iglesia cat\u00f3lica en el norte de Nicaragua, una de las cuales fue ocupada con violencia por polic\u00edas antimotines, seg\u00fan denunciaron las autoridades religiosas.<\/p>\n<p>La di\u00f3cesis de Matagalpa denunci\u00f3 por la noche que agentes de la Polic\u00eda ingresaron a la fuerza a la capilla Ni\u00f1o Jes\u00fas de Praga en el municipio de S\u00e9baco (norte), con el fin de apropiarse de los equipos de una radio cerrada horas antes por el r\u00e9gimen de Ortega.<\/p>\n<p>&#8220;En estos momentos ya los antimotines (polic\u00eda antidisturbios) han entrado a la capilla Ni\u00f1o Jes\u00fas de Praga en (el municipio de) S\u00e9baco y han violentado ya el segundo port\u00f3n, pasando al predio bald\u00edo de la parte interna&#8221;, se\u00f1al\u00f3 la di\u00f3cesis de Matagalpa en sus redes sociales, en donde transmite en directo la ocupaci\u00f3n policial con las c\u00e1maras de vigilancia de la parroquia.<\/p>\n<p>La capilla est\u00e1 ubicada contiguo a la casa donde se aloja el sacerdote de la parroquia Divina Misericordia de S\u00e9baco, Uriel Vallejos, quien, de acuerdo con la informaci\u00f3n, &#8220;est\u00e1 refugiado en la Casa Cural&#8221;.<\/p>\n<p>La di\u00f3cesis de Matagalpa, que dirige el obispo Rolando \u00c1lvarez, uno de los m\u00e1s fuertes cr\u00edticos de Ortega, pidi\u00f3 orar por la iglesia y &#8220;a los fieles de dicha parroquia (a) estar atentos a cualquier circunstancia y toda la di\u00f3cesis en este momento est\u00e1 muy pendiente de esta situaci\u00f3n&#8221;.<\/p>\n<p>Cenidh denunci\u00f3 represi\u00f3n policial<\/p>\n<p>Por su parte, el Centro Nicarag\u00fcense de Derechos Humanos (Cenidh) denunci\u00f3 en Twitter que la polic\u00eda lanz\u00f3 gases lacrim\u00f3genos y realiz\u00f3 disparos al aire cuando varias personas intentaron acercarse a la casa cural de S\u00e9baco para respaldar al p\u00e1rroco Vallejos.<\/p>\n<p>&#8220;Exigimos a la Polic\u00eda Nacional cese los disparos y las bombas lacrim\u00f3genas contra el pueblo cat\u00f3lico\u201d, dijo el Cenidh, y se\u00f1al\u00f3 que esa entidad debe &#8220;proteger a las y los nicarag\u00fcenses, no atacarlos\u201d.<\/p>\n<p>Ortega, a trav\u00e9s del Instituto Nicarag\u00fcense de Telecomunicaciones y Correos (Telcor), orden\u00f3 el cierre de seis emisoras cat\u00f3licas -en medio de roces del Ejecutivo con la Iglesia cat\u00f3lica-, inform\u00f3 temprano la Di\u00f3cesis de Matagalpa, que las administra.<\/p>\n<p>Las emisoras afectadas son Radio Hermanos, Radio Nuestra Se\u00f1ora de Lourdes, Radio Nuestra Se\u00f1ora de F\u00e1tima, Radio Alliens, Radio Monte Carmelo, y Radio San Jos\u00e9, que operan en municipios del norte de Nicaragua.<\/p>\n<p>Ortega, a trav\u00e9s de Telcor, tambi\u00e9n ha sacado de la programaci\u00f3n a tres canales cat\u00f3licos en los \u00faltimos tres meses.<\/p>\n<p>Las relaciones entre los sandinistas y la Iglesia cat\u00f3lica de Nicaragua han estado marcadas por roces y desconfianzas en los \u00faltimos 43 a\u00f1os.<\/p>\n<p>Ortega ha tildado de &#8220;terroristas&#8221; a los obispos nicarag\u00fcenses que actuaron como mediadores de un di\u00e1logo nacional con el que se buscaba una salida pac\u00edfica a la crisis que vive el pa\u00eds desde abril de 2018. Tambi\u00e9n los ha calificado de &#8220;golpistas&#8221;, acusado de ser c\u00f3mplices de fuerzas internas y de grupos internacionales que, a su juicio, act\u00faan en Nicaragua para derrocarlo.<\/p>\n<p>Nicaragua vive una crisis pol\u00edtica y social desde abril de 2018, que se ha acentuado tras las controvertidas elecciones generales del pasado 7 de noviembre, en las que Ortega se reeligi\u00f3 sin competidores de peso para un quinto mandato, cuarto consecutivo y segundo junto con su esposa, Rosario Murillo, como vicepresidenta, tras encarcelar a todos los candidatos de la oposici\u00f3n.<\/p>\n<p>jc (efe, ap, La Prensa, Bolet\u00edn Ecol\u00f3gico)<\/p>\n<div class=\"venep-after-content venep-entity-placement\" id=\"venep-2164140244\"><div id=\"venep-1483553881\"><script async src=\"https:\/\/pagead2.googlesyndication.com\/pagead\/js\/adsbygoogle.js?client=ca-pub-5862940809620110\"\r\n     crossorigin=\"anonymous\"><\/script>\r\n<ins class=\"adsbygoogle\"\r\n     style=\"display:block\"\r\n     data-ad-format=\"fluid\"\r\n     data-ad-layout-key=\"-6t+ed+2i-1n-4w\"\r\n     data-ad-client=\"ca-pub-5862940809620110\"\r\n     data-ad-slot=\"7946604715\"><\/ins>\r\n<script>\r\n     (adsbygoogle = window.adsbygoogle || []).push({});\r\n<\/script><\/div><\/div>","protected":false},"excerpt":{"rendered":"<p>La iglesia denunci\u00f3 que la polic\u00eda ingres\u00f3 a la fuerza a una capilla para llevarse los equipos de transmisi\u00f3n de una radioemisora.El gobierno de Daniel Ortega orden\u00f3 el lunes (01.08.2022)&hellip; <\/p>\n","protected":false},"author":505,"featured_media":22380,"comment_status":"open","ping_status":"open","sticky":false,"template":"","format":"standard","meta":{"footnotes":""},"categories":[116,81],"tags":[],"class_list":["post-26826","post","type-post","status-publish","format-standard","has-post-thumbnail","hentry","category-iglesia-catolica","category-actualidad"],"_links":{"self":[{"href":"https:\/\/veneportal.com\/noticias\/wp-json\/wp\/v2\/posts\/26826","targetHints":{"allow":["GET"]}}],"collection":[{"href":"https:\/\/veneportal.com\/noticias\/wp-json\/wp\/v2\/posts"}],"about":[{"href":"https:\/\/veneportal.com\/noticias\/wp-json\/wp\/v2\/types\/post"}],"author":[{"embeddable":true,"href":"https:\/\/veneportal.com\/noticias\/wp-json\/wp\/v2\/users\/505"}],"replies":[{"embeddable":true,"href":"https:\/\/veneportal.com\/noticias\/wp-json\/wp\/v2\/comments?post=26826"}],"version-history":[{"count":1,"href":"https:\/\/veneportal.com\/noticias\/wp-json\/wp\/v2\/posts\/26826\/revisions"}],"predecessor-version":[{"id":58586,"href":"https:\/\/veneportal.com\/noticias\/wp-json\/wp\/v2\/posts\/26826\/revisions\/58586"}],"wp:featuredmedia":[{"embeddable":true,"href":"https:\/\/veneportal.com\/noticias\/wp-json\/wp\/v2\/media\/22380"}],"wp:attachment":[{"href":"https:\/\/veneportal.com\/noticias\/wp-json\/wp\/v2\/media?parent=26826"}],"wp:term":[{"taxonomy":"category","embeddable":true,"href":"https:\/\/veneportal.com\/noticias\/wp-json\/wp\/v2\/categories?post=26826"},{"taxonomy":"post_tag","embeddable":true,"href":"https:\/\/veneportal.com\/noticias\/wp-json\/wp\/v2\/tags?post=26826"}],"curies":[{"name":"wp","href":"https:\/\/api.w.org\/{rel}","templated":true}]}}