{"id":26825,"date":"2022-08-02T05:00:05","date_gmt":"2022-08-02T09:00:05","guid":{"rendered":"https:\/\/veneportal.com\/noticias\/2022\/08\/02\/equipo-de-petro-dice-que-recibe-un-pais-con-deficit-fiscal-critico\/"},"modified":"2022-08-02T05:00:05","modified_gmt":"2022-08-02T09:00:05","slug":"equipo-de-petro-dice-que-recibe-un-pais-con-deficit-fiscal-critico","status":"publish","type":"post","link":"https:\/\/veneportal.com\/noticias\/2022\/08\/02\/equipo-de-petro-dice-que-recibe-un-pais-con-deficit-fiscal-critico\/","title":{"rendered":"Equipo de Petro dice que recibe un pa\u00eds con d\u00e9ficit fiscal &#8220;cr\u00edtico&#8221;"},"content":{"rendered":"<p>La comisi\u00f3n de transici\u00f3n dice que una reforma tributaria ser\u00e1 prioridad para poder cumplir con las ambiciosas promesas de campa\u00f1a del gobierno izquierdista.El pr\u00f3ximo gobierno de izquierda de Colombia recibir\u00e1 un pa\u00eds endeudado con un d\u00e9ficit fiscal &#8220;cr\u00edtico&#8221;, dijo este lunes (01.08.2022) la comisi\u00f3n de empalme del mandatario electo Gustavo Petro en v\u00edsperas de su posesi\u00f3n el 7 de agosto.<\/p>\n<p>&#8220;La realidad fiscal del pa\u00eds es una gran preocupaci\u00f3n. El nivel de endeudamiento y de d\u00e9ficit fiscal que encontramos para el pr\u00f3ximo cuatrienio es cr\u00edtico&#8221;, asegur\u00f3 Daniel Rojas, uno de los coordinadores de la comisi\u00f3n.<\/p>\n<p>&#8220;Por lo tanto la reforma tributaria que cursar\u00e1 en el Congreso de la Rep\u00fablica con car\u00e1cter prioritario se nos convierte en una reforma imprescindible para llevar cabo la propuesta de gobierno&#8221;, a\u00f1adi\u00f3 en conferencia de prensa.<\/p>\n<p>Las autoridades entrantes estiman un d\u00e9ficit fiscal del 5,6% del PIB para este a\u00f1o, mientras la deuda p\u00fablica rondar\u00eda el 56,5% del Producto Interno Bruto (PIB).<\/p>\n<p>El gobierno de Petro prepara un proyecto de ley para elevar los impuestos a los m\u00e1s ricos y mejorar el recaudo, con el objetivo de financiar su ambicioso programa de reformas.<\/p>\n<p>Bajo nivel de recaudaci\u00f3n<\/p>\n<p>&#8220;El nivel de recaudaci\u00f3n del pa\u00eds est\u00e1 por debajo de Am\u00e9rica Latina y muy por debajo de los pa\u00edses de la OCDE&#8221; (Organizaci\u00f3n para la Cooperaci\u00f3n y el Desarrollo Econ\u00f3micos), subray\u00f3 Rojas.<\/p>\n<p>En un pa\u00eds de 50 millones de habitantes, castigado por la inflaci\u00f3n (9,7% interanual), el desempleo (11,7%) y la pobreza (39%), las reformas fiscales son temas sensibles. La \u00faltima iniciativa tributaria de Duque, que castigaba a la clase media, termin\u00f3 archivada ante una in\u00e9dita ola de protestas.<\/p>\n<p>En su informe final de empalme, la comisi\u00f3n critica tambi\u00e9n los recortes en el presupuesto de educaci\u00f3n y el &#8220;alto d\u00e9ficit&#8221; del fondo que amortigua el precio interno de los combustibles ante el precio internacional del petr\u00f3leo.<\/p>\n<p>Gracias a ese fondo los colombianos pagan una de las gasolinas m\u00e1s baratas de Am\u00e9rica.<\/p>\n<p>Cr\u00e9ditos sin ejecutar<\/p>\n<p>La delegaci\u00f3n del gobierno entrante alert\u00f3 adem\u00e1s sobre las deudas con el sector salud (4.600 millones de d\u00f3lares) y la falta de ejecuci\u00f3n de cr\u00e9ditos ya desembolsados por el Banco Mundial y el Banco Interamericano de Desarrollo.<\/p>\n<p>As\u00ed como el desv\u00edo de recursos destinados a financiar el acuerdo de paz firmado en 2016 con la guerrilla de las FARC.<\/p>\n<p>Petro asumir\u00e1 el poder el domingo como el primer presidente de izquierda en la historia de Colombia con una bater\u00eda de propuestas para reducir la brecha entre ricos y pobres y proteger el medio ambiente, entre otros objetivos.<\/p>\n<p>&#8220;Este no es un tema de espejo retrovisor sino por el contrario, para que los ciudadanos entiendan c\u00f3mo recibimos a Colombia&#8221;, concluy\u00f3 Mauricio Lizcano otro de los voceros del equipo de empalme.<\/p>\n<p>jc (afp, Radio Nacional)<\/p>\n<div class=\"venep-after-content venep-entity-placement\" id=\"venep-2271148159\"><div id=\"venep-2985380687\"><a href=\"https:\/\/veneportal.com\/clasificados\/listing\/nativoapparel\/\" aria-label=\"nativo apparel\"><img src=\"https:\/\/veneportal.com\/noticias\/wp-content\/uploads\/sites\/2\/2021\/07\/5.png\" alt=\"nativo apparel\"  width=\"300\" height=\"250\"   \/><\/a><\/div><\/div>","protected":false},"excerpt":{"rendered":"<p>La comisi\u00f3n de transici\u00f3n dice que una reforma tributaria ser\u00e1 prioridad para poder cumplir con las ambiciosas promesas de campa\u00f1a del gobierno izquierdista.El pr\u00f3ximo gobierno de izquierda de Colombia recibir\u00e1&hellip; <\/p>\n","protected":false},"author":505,"featured_media":26623,"comment_status":"open","ping_status":"open","sticky":false,"template":"","format":"standard","meta":{"footnotes":""},"categories":[84],"tags":[],"class_list":["post-26825","post","type-post","status-publish","format-standard","has-post-thumbnail","hentry","category-america-latina"],"_links":{"self":[{"href":"https:\/\/veneportal.com\/noticias\/wp-json\/wp\/v2\/posts\/26825","targetHints":{"allow":["GET"]}}],"collection":[{"href":"https:\/\/veneportal.com\/noticias\/wp-json\/wp\/v2\/posts"}],"about":[{"href":"https:\/\/veneportal.com\/noticias\/wp-json\/wp\/v2\/types\/post"}],"author":[{"embeddable":true,"href":"https:\/\/veneportal.com\/noticias\/wp-json\/wp\/v2\/users\/505"}],"replies":[{"embeddable":true,"href":"https:\/\/veneportal.com\/noticias\/wp-json\/wp\/v2\/comments?post=26825"}],"version-history":[{"count":0,"href":"https:\/\/veneportal.com\/noticias\/wp-json\/wp\/v2\/posts\/26825\/revisions"}],"wp:featuredmedia":[{"embeddable":true,"href":"https:\/\/veneportal.com\/noticias\/wp-json\/wp\/v2\/media\/26623"}],"wp:attachment":[{"href":"https:\/\/veneportal.com\/noticias\/wp-json\/wp\/v2\/media?parent=26825"}],"wp:term":[{"taxonomy":"category","embeddable":true,"href":"https:\/\/veneportal.com\/noticias\/wp-json\/wp\/v2\/categories?post=26825"},{"taxonomy":"post_tag","embeddable":true,"href":"https:\/\/veneportal.com\/noticias\/wp-json\/wp\/v2\/tags?post=26825"}],"curies":[{"name":"wp","href":"https:\/\/api.w.org\/{rel}","templated":true}]}}