{"id":26710,"date":"2022-07-31T00:02:03","date_gmt":"2022-07-31T04:02:03","guid":{"rendered":"https:\/\/veneportal.com\/noticias\/2022\/07\/31\/region-de-bolivia-acuerda-otra-huelga-por-postergacion-del-censo-2\/"},"modified":"2022-07-31T00:02:03","modified_gmt":"2022-07-31T04:02:03","slug":"region-de-bolivia-acuerda-otra-huelga-por-postergacion-del-censo-2","status":"publish","type":"post","link":"https:\/\/veneportal.com\/noticias\/2022\/07\/31\/region-de-bolivia-acuerda-otra-huelga-por-postergacion-del-censo-2\/","title":{"rendered":"Regi\u00f3n de Bolivia acuerda otra huelga por postergaci\u00f3n del censo"},"content":{"rendered":"<p>La oriental Santa Cruz ya realiz\u00f3 una huelga el pasado 25 de julio en rechazo a la postergaci\u00f3n por 2 a\u00f1os de la consulta.La segunda cumbre por el censo de poblaci\u00f3n y vivienda que se llev\u00f3 a cabo en la oriental Santa Cruz, la mayor regi\u00f3n de Bolivia, resolvi\u00f3 este s\u00e1bado (30.07.2022) nuevamente realizar una huelga el pr\u00f3ximo 8 y 9 de agosto en rechazo a la postergaci\u00f3n de esta consulta para 2024. <\/p>\n<p>Alrededor de unas 362 instituciones se reunieron en Santa Cruz para debatir las pr\u00f3ximas medidas de presi\u00f3n para que esta consulta, que inicialmente deb\u00eda ser este a\u00f1o, se realice en 2023 y no en 2024.<\/p>\n<p>La reuni\u00f3n convocada por el comit\u00e9 interinstitucional de Santa Cruz comenz\u00f3 este s\u00e1bado en la tarde y se extendi\u00f3 por unas dos horas en las instalaciones del Colegio M\u00e9dico. <\/p>\n<p>A este encuentro asisti\u00f3 el gobernador cruce\u00f1o, el opositor Luis Fernando Camacho, el presidente del Colegio M\u00e9dico de esa regi\u00f3n, Wilfredo Anzoastegui, entre otros, mientras que el gran ausente fue el alcalde de Santa Cruz, Jhonny Fern\u00e1ndez, quien expres\u00f3 su desacuerdo con realizar nuevamente una huelga. <\/p>\n<p>La posici\u00f3n del gobernador y de c\u00edvicos cruce\u00f1os es que el censo se postergue para 2023 y no para mayo o junio de 2024 como resolvi\u00f3 el Consejo Nacional de Autonom\u00edas junto a las autoridades locales, que luego esta determinaci\u00f3n fue oficializada a trav\u00e9s de una norma.<\/p>\n<p>Cada entidad ten\u00eda unos minutos para participar y exponer su posici\u00f3n para luego generar una resoluci\u00f3n colectiva que fue le\u00edda al culminar la reuni\u00f3n.<\/p>\n<p>Con resoluci\u00f3n piden censo para 2023<\/p>\n<p>La resoluci\u00f3n de la reuni\u00f3n se\u00f1ala en sus partes m\u00e1s relevantes que esa regi\u00f3n ingresar\u00e1 nuevamente a una huelga de 48 horas el pr\u00f3ximo 8 y 9 de agosto &#8220;en caso de que el Gobierno no escuche sus propuestas&#8221;.<\/p>\n<p>Adem\u00e1s, exigen que el censo se realice de manera &#8220;impostergable&#8221; el primer trimestre de 2023, adem\u00e1s se mantiene en &#8220;estado de emergencia&#8221;.<\/p>\n<p>Tambi\u00e9n resolvieron exigir al presidente Luis Arce &#8220;la inmediata abrogaci\u00f3n&#8221; del decreto que avala la postergaci\u00f3n del censo para 2024.<\/p>\n<p>La oriental Santa Cruz ya realiz\u00f3 una huelga el pasado 25 de julio en rechazo a la postergaci\u00f3n por 2 a\u00f1os de la consulta, en medio de enfrentamientos entre personas que intentaban desbloquear las v\u00edas, muchos de ellos afines al gobernante Movimiento al Socialismo (MAS).<\/p>\n<p>En esa medida de presi\u00f3n, al menos 14 personas quedaron arrestadas por supuestamente &#8220;consumir bebidas alcoh\u00f3licas y generar ri\u00f1as y peleas&#8221;.<\/p>\n<p>mg (efe, P\u00e1gina Siete)<\/p>\n<div class=\"venep-after-content venep-entity-placement\" id=\"venep-2280313945\"><div id=\"venep-2158885022\"><script async src=\"https:\/\/pagead2.googlesyndication.com\/pagead\/js\/adsbygoogle.js?client=ca-pub-5862940809620110\"\r\n     crossorigin=\"anonymous\"><\/script>\r\n<ins class=\"adsbygoogle\"\r\n     style=\"display:block\"\r\n     data-ad-format=\"fluid\"\r\n     data-ad-layout-key=\"-6t+ed+2i-1n-4w\"\r\n     data-ad-client=\"ca-pub-5862940809620110\"\r\n     data-ad-slot=\"7946604715\"><\/ins>\r\n<script>\r\n     (adsbygoogle = window.adsbygoogle || []).push({});\r\n<\/script><\/div><\/div>","protected":false},"excerpt":{"rendered":"<p>La oriental Santa Cruz ya realiz\u00f3 una huelga el pasado 25 de julio en rechazo a la postergaci\u00f3n por 2 a\u00f1os de la consulta.La segunda cumbre por el censo de&hellip; <\/p>\n","protected":false},"author":505,"featured_media":7356,"comment_status":"open","ping_status":"open","sticky":false,"template":"","format":"standard","meta":{"footnotes":""},"categories":[81],"tags":[],"class_list":["post-26710","post","type-post","status-publish","format-standard","has-post-thumbnail","hentry","category-actualidad"],"_links":{"self":[{"href":"https:\/\/veneportal.com\/noticias\/wp-json\/wp\/v2\/posts\/26710","targetHints":{"allow":["GET"]}}],"collection":[{"href":"https:\/\/veneportal.com\/noticias\/wp-json\/wp\/v2\/posts"}],"about":[{"href":"https:\/\/veneportal.com\/noticias\/wp-json\/wp\/v2\/types\/post"}],"author":[{"embeddable":true,"href":"https:\/\/veneportal.com\/noticias\/wp-json\/wp\/v2\/users\/505"}],"replies":[{"embeddable":true,"href":"https:\/\/veneportal.com\/noticias\/wp-json\/wp\/v2\/comments?post=26710"}],"version-history":[{"count":0,"href":"https:\/\/veneportal.com\/noticias\/wp-json\/wp\/v2\/posts\/26710\/revisions"}],"wp:featuredmedia":[{"embeddable":true,"href":"https:\/\/veneportal.com\/noticias\/wp-json\/wp\/v2\/media\/7356"}],"wp:attachment":[{"href":"https:\/\/veneportal.com\/noticias\/wp-json\/wp\/v2\/media?parent=26710"}],"wp:term":[{"taxonomy":"category","embeddable":true,"href":"https:\/\/veneportal.com\/noticias\/wp-json\/wp\/v2\/categories?post=26710"},{"taxonomy":"post_tag","embeddable":true,"href":"https:\/\/veneportal.com\/noticias\/wp-json\/wp\/v2\/tags?post=26710"}],"curies":[{"name":"wp","href":"https:\/\/api.w.org\/{rel}","templated":true}]}}