{"id":2529,"date":"2021-04-03T12:40:14","date_gmt":"2021-04-03T16:40:14","guid":{"rendered":"https:\/\/veneportal.com\/noticias\/2021\/04\/03\/2-de-abril-dia-mundial-de-la-concienciacion-sobre-el-autismo\/"},"modified":"2021-04-04T14:14:33","modified_gmt":"2021-04-04T18:14:33","slug":"2-de-abril-dia-mundial-de-la-concienciacion-sobre-el-autismo","status":"publish","type":"post","link":"https:\/\/veneportal.com\/noticias\/2021\/04\/03\/2-de-abril-dia-mundial-de-la-concienciacion-sobre-el-autismo\/","title":{"rendered":"2 de abril: D\u00eda Mundial de la Concienciaci\u00f3n sobre el Autismo."},"content":{"rendered":"<p><em>La Asamblea General de las Naciones Unidas declar\u00f3 por unanimidad el 2 de abril como D\u00eda Mundial de Concienciaci\u00f3n sobre el Autismo para poner de relieve la necesidad de ayudar a mejorar las condiciones de vida de los ni\u00f1os y adultos que sufren este trastorno.<\/em><\/p>\n<div dir=\"auto\">\u00a0<\/div>\n<div dir=\"auto\">A prop\u00f3sito de la fecha en el sitio web <a href=\"http:\/\/www.un.org\" target=\"_blank\" rel=\"noopener\">http:\/\/www.un.org<\/a> encontramos que lo celebrar\u00e1n con un evento para la inclusi\u00f3n y mencionan que: &#8220;La celebraci\u00f3n del D\u00eda Mundial de Concienciaci\u00f3n sobre el Autismo de este 2021 abordar\u00e1 estos temas en un evento virtual con mesas redondas moderadas con personas del espectro autista que se han encontrado con estos desaf\u00edos y han sabido ver estas nuevas oportunidades en el mercado laboral&#8221;.<\/div>\n<div dir=\"auto\">\u00a0<\/div>\n<div dir=\"auto\">El evento est\u00e1 organizado por el Departamento de Comunicaci\u00f3n Global (DGC) y el Departamento de Asuntos Econ\u00f3micos y Sociales (DESA) de las Naciones Unidas, en colaboraci\u00f3n con la Fundaci\u00f3n Specialisterne. La misi\u00f3n de la Fundaci\u00f3n es aprovechar la experiencia del empleo de personas autistas para promover la creaci\u00f3n de empleo enriquecedor y satisfactorio para un mill\u00f3n de personas, en un mundo donde haya igualdad de oportunidades para todos en el mercado laboral.<\/div>\n<div dir=\"auto\">\u00a0<\/div>\n<div dir=\"auto\">\u00a0<\/div>\n<div dir=\"auto\">Programa del evento<\/div>\n<div dir=\"auto\">10:00 h &#8211; Bienvenida y apertura<\/div>\n<div dir=\"auto\">\u00a0<\/div>\n<div dir=\"auto\">10:13 h &#8211; PANEL 1: Disparidades y discriminaci\u00f3n expuestas por la pandemia<\/div>\n<div dir=\"auto\">\u00a0<\/div>\n<div dir=\"auto\">10:33 h &#8211; PANEL 2: Asegurar la inclusi\u00f3n a medida que construimos mejor<\/div>\n<div dir=\"auto\">\u00a0<\/div>\n<div dir=\"auto\">10:53 h &#8211; Observaciones finales<\/div>\n<div dir=\"auto\"><a href=\"https:\/\/veneportal.com\/noticias\/wp-content\/uploads\/sites\/2\/2021\/04\/Untitled-design-43-96215ca1.png\"><img decoding=\"async\" class=\"attachment-thumbnail size-thumbnail aligncenter\" src=\"https:\/\/veneportal.com\/noticias\/wp-content\/uploads\/sites\/2\/2021\/04\/Untitled-design-43-96215ca1-150x150.png\" alt=\"\" title=\"\"><\/a>Fuente: www.un.org<\/div>\n<div class=\"venep-after-content venep-entity-placement\" id=\"venep-1208459642\"><div id=\"venep-3813452337\"><script async src=\"https:\/\/pagead2.googlesyndication.com\/pagead\/js\/adsbygoogle.js?client=ca-pub-5862940809620110\"\r\n     crossorigin=\"anonymous\"><\/script>\r\n<ins class=\"adsbygoogle\"\r\n     style=\"display:block\"\r\n     data-ad-format=\"fluid\"\r\n     data-ad-layout-key=\"-6t+ed+2i-1n-4w\"\r\n     data-ad-client=\"ca-pub-5862940809620110\"\r\n     data-ad-slot=\"7946604715\"><\/ins>\r\n<script>\r\n     (adsbygoogle = window.adsbygoogle || []).push({});\r\n<\/script><\/div><\/div>","protected":false},"excerpt":{"rendered":"<p>La Asamblea General de las Naciones Unidas declar\u00f3 por unanimidad el 2 de abril como D\u00eda Mundial de Concienciaci\u00f3n sobre el Autismo para poner de relieve la necesidad de ayudar&hellip; <\/p>\n","protected":false},"author":55,"featured_media":2533,"comment_status":"open","ping_status":"open","sticky":false,"template":"","format":"standard","meta":{"footnotes":""},"categories":[57],"tags":[],"class_list":["post-2529","post","type-post","status-publish","format-standard","has-post-thumbnail","hentry","category-articulos-de-opinion"],"_links":{"self":[{"href":"https:\/\/veneportal.com\/noticias\/wp-json\/wp\/v2\/posts\/2529","targetHints":{"allow":["GET"]}}],"collection":[{"href":"https:\/\/veneportal.com\/noticias\/wp-json\/wp\/v2\/posts"}],"about":[{"href":"https:\/\/veneportal.com\/noticias\/wp-json\/wp\/v2\/types\/post"}],"author":[{"embeddable":true,"href":"https:\/\/veneportal.com\/noticias\/wp-json\/wp\/v2\/users\/55"}],"replies":[{"embeddable":true,"href":"https:\/\/veneportal.com\/noticias\/wp-json\/wp\/v2\/comments?post=2529"}],"version-history":[{"count":2,"href":"https:\/\/veneportal.com\/noticias\/wp-json\/wp\/v2\/posts\/2529\/revisions"}],"predecessor-version":[{"id":2532,"href":"https:\/\/veneportal.com\/noticias\/wp-json\/wp\/v2\/posts\/2529\/revisions\/2532"}],"wp:featuredmedia":[{"embeddable":true,"href":"https:\/\/veneportal.com\/noticias\/wp-json\/wp\/v2\/media\/2533"}],"wp:attachment":[{"href":"https:\/\/veneportal.com\/noticias\/wp-json\/wp\/v2\/media?parent=2529"}],"wp:term":[{"taxonomy":"category","embeddable":true,"href":"https:\/\/veneportal.com\/noticias\/wp-json\/wp\/v2\/categories?post=2529"},{"taxonomy":"post_tag","embeddable":true,"href":"https:\/\/veneportal.com\/noticias\/wp-json\/wp\/v2\/tags?post=2529"}],"curies":[{"name":"wp","href":"https:\/\/api.w.org\/{rel}","templated":true}]}}