{"id":24062,"date":"2022-06-29T23:02:03","date_gmt":"2022-06-30T03:02:03","guid":{"rendered":"https:\/\/veneportal.com\/noticias\/2022\/06\/29\/archivan-en-espana-denuncia-contra-petro-por-secuestro-de-periodista-2\/"},"modified":"2022-06-29T23:02:03","modified_gmt":"2022-06-30T03:02:03","slug":"archivan-en-espana-denuncia-contra-petro-por-secuestro-de-periodista-2","status":"publish","type":"post","link":"https:\/\/veneportal.com\/noticias\/2022\/06\/29\/archivan-en-espana-denuncia-contra-petro-por-secuestro-de-periodista-2\/","title":{"rendered":"Archivan en Espa\u00f1a denuncia contra Petro por secuestro de periodista"},"content":{"rendered":"<p>La Audiencia Nacional de Espa\u00f1a desech\u00f3 la denuncia ante la falta de informaci\u00f3n que acreditara la nacionalidad espa\u00f1ola de la v\u00edctima.La Audiencia Nacional ha archivado la denuncia presentada contra el presidente electo de Colombia, Gustavo Petro, por el presunto secuestro del periodista Fernando Gonz\u00e1lez Pacheco por parte de la organizaci\u00f3n guerrillera M-19, en la que milit\u00f3 el pol\u00edtico.<\/p>\n<p>En un auto, al que ha tenido acceso Europa Press, los magistrados de la Secci\u00f3n Tercera de la Sala de lo Penal han estimado el recurso que present\u00f3 la Fiscal\u00eda contra la decisi\u00f3n del juez Joaqu\u00edn Gadea de admitir la denuncia el pasado mayo, en el marco de las elecciones a la presidencia de Colombia.<\/p>\n<p>El Ministerio P\u00fablico present\u00f3 un escrito ante la Sala en el que insisti\u00f3 que los tribunales espa\u00f1oles carec\u00edan de jurisdicci\u00f3n para perseguir los hechos denunciados porque \u00e9stos sucedieron en Colombia, siendo las v\u00edctimas y los presuntos autores colombianos.<\/p>\n<p>Desde la Fiscal\u00eda se aleg\u00f3, adem\u00e1s, que no se hab\u00eda aportado informaci\u00f3n &#8220;suficiente&#8221; sobre la nacionalidad del periodista Fernando Gonz\u00e1lez Pacheco, ni las circunstancias concretas del hecho al parecer ocurrido el 23 de julio de 1981.<\/p>\n<p>Denuncia &#8220;sorprendente&#8221;<\/p>\n<p>En cuatro folios, los magistrados han estimado los argumentos de la Fiscal\u00eda y han asegurado que les &#8220;sorprende&#8221; la admisi\u00f3n de la denuncia presentada por quien &#8220;no es v\u00edctima de hecho alguno, respecto de hechos que habr\u00edan ocurrido en Colombia y que se atribuyen a personas que no son espa\u00f1oles y que no residen actualmente en Espa\u00f1a&#8221;.<\/p>\n<p>En este sentido, la Sala de lo Penal ha se\u00f1alado que aunque pudiera sostenerse que la v\u00edctima ostentaba la nacionalidad espa\u00f1ola en el momento de los hechos es necesario que la querella se presente por el presunto agraviado o por el Ministerio Fiscal, algo que no ha ocurrido en este caso. &#8220;La activaci\u00f3n de la denominada justicia universal no es admisible mediante querella de un actor popular&#8221;, ha recordado la Sala.<\/p>\n<p>Hechos de 1981<\/p>\n<p>As\u00ed las cosas, los magistrados han concluido que lo pertinente es inadmitir la denuncia. &#8220;Nunca es dable que el Juzgado, atribuy\u00e9ndose el ejercicio de la acci\u00f3n que corresponde al Ministerio Fiscal o al ofendido, pretenda indagar sobre la existencia de herederos de la v\u00edctimas que quieran formular querella por unos hechos de 1981&#8221;, han se\u00f1alado.<\/p>\n<p>Fue el pasado 19 de mayo cuando el juez de refuerzo del Juzgado Central de Instrucci\u00f3n N\u00famero 6 admiti\u00f3 la denuncia &#8220;a los solos efectos&#8221; de ofrecer a los familiares del periodista la posibilidad de querellarse despu\u00e9s de que la Fiscal\u00eda haya rechazado hacerlo.<\/p>\n<p>La admisi\u00f3n a tr\u00e1mite de esta denuncia se dio a conocer un d\u00eda despu\u00e9s de que Petro consiguiese la victoria en la primera vuelta de las elecciones presidenciales de Colombia tras conseguir el 40,32 por ciento de los votos.<\/p>\n<p>EL(Europapress, efe)<\/p>\n<div class=\"venep-after-content venep-entity-placement\" id=\"venep-1715757024\"><div id=\"venep-2473739092\"><a href=\"https:\/\/veneportal.com\/clasificados\/listing\/nativoapparel\/\" aria-label=\"nativo apparel\"><img src=\"https:\/\/veneportal.com\/noticias\/wp-content\/uploads\/sites\/2\/2021\/07\/5.png\" alt=\"nativo apparel\"  width=\"300\" height=\"250\"   \/><\/a><\/div><\/div>","protected":false},"excerpt":{"rendered":"<p>La Audiencia Nacional de Espa\u00f1a desech\u00f3 la denuncia ante la falta de informaci\u00f3n que acreditara la nacionalidad espa\u00f1ola de la v\u00edctima.La Audiencia Nacional ha archivado la denuncia presentada contra el&hellip; <\/p>\n","protected":false},"author":505,"featured_media":23517,"comment_status":"open","ping_status":"open","sticky":false,"template":"","format":"standard","meta":{"footnotes":""},"categories":[84],"tags":[],"class_list":["post-24062","post","type-post","status-publish","format-standard","has-post-thumbnail","hentry","category-america-latina"],"_links":{"self":[{"href":"https:\/\/veneportal.com\/noticias\/wp-json\/wp\/v2\/posts\/24062","targetHints":{"allow":["GET"]}}],"collection":[{"href":"https:\/\/veneportal.com\/noticias\/wp-json\/wp\/v2\/posts"}],"about":[{"href":"https:\/\/veneportal.com\/noticias\/wp-json\/wp\/v2\/types\/post"}],"author":[{"embeddable":true,"href":"https:\/\/veneportal.com\/noticias\/wp-json\/wp\/v2\/users\/505"}],"replies":[{"embeddable":true,"href":"https:\/\/veneportal.com\/noticias\/wp-json\/wp\/v2\/comments?post=24062"}],"version-history":[{"count":0,"href":"https:\/\/veneportal.com\/noticias\/wp-json\/wp\/v2\/posts\/24062\/revisions"}],"wp:featuredmedia":[{"embeddable":true,"href":"https:\/\/veneportal.com\/noticias\/wp-json\/wp\/v2\/media\/23517"}],"wp:attachment":[{"href":"https:\/\/veneportal.com\/noticias\/wp-json\/wp\/v2\/media?parent=24062"}],"wp:term":[{"taxonomy":"category","embeddable":true,"href":"https:\/\/veneportal.com\/noticias\/wp-json\/wp\/v2\/categories?post=24062"},{"taxonomy":"post_tag","embeddable":true,"href":"https:\/\/veneportal.com\/noticias\/wp-json\/wp\/v2\/tags?post=24062"}],"curies":[{"name":"wp","href":"https:\/\/api.w.org\/{rel}","templated":true}]}}