{"id":1932,"date":"2021-02-25T19:36:09","date_gmt":"2021-02-26T00:36:09","guid":{"rendered":"https:\/\/veneportal.com\/noticias\/2021\/02\/25\/howard-gardner-teoria-de-las-inteligencias-multiples\/"},"modified":"2021-02-25T19:41:06","modified_gmt":"2021-02-26T00:41:06","slug":"howard-gardner-teoria-de-las-inteligencias-multiples","status":"publish","type":"post","link":"https:\/\/veneportal.com\/noticias\/2021\/02\/25\/howard-gardner-teoria-de-las-inteligencias-multiples\/","title":{"rendered":"Howard Gardner: Teor\u00eda de las inteligencias m\u00faltiples."},"content":{"rendered":"<p class=\"western\" align=\"justify\"><span style=\"color: #000000\"><span style=\"font-family: Arial, sans-serif\"><span style=\"font-size: medium\">Howard Gardner es profesor de la universidad de Harvard. Es psic\u00f3logo e investigador y entre sus principales aportes se destaca el an\u00e1lisis de las capacidades cognitivas y la teor\u00eda de las inteligencias m\u00faltiples. Esta teor\u00eda nace de la propuesta de que la vida humana requiere del desarrollo de varios tipos de inteligencia. Si existen diferentes tipos de problemas, entonces existen diferentes formas de solucionarlo.<\/span><\/span><\/span><\/p>\n<p class=\"western\" align=\"justify\"><span style=\"color: #000000\"><span style=\"font-family: Arial, sans-serif\"><span style=\"font-size: medium\">La inteligencia es la facultad de la mente que permite aprender, entender, razonar, tomar decisiones y formarse una idea determinada de la realidad. A continuaci\u00f3n los 8 distintos tipos de inteligencia fundamentadas por el estudio de Howard y su equipo de investigadores.<\/span><\/span><\/span><\/p>\n<p class=\"western\" align=\"justify\"><span style=\"color: #000000\"><span style=\"font-family: Arial, sans-serif\"><span style=\"font-size: medium\"><em><strong>Inteligencia ling\u00fc\u00edstica:<\/strong><\/em> hace referencia a la habilidad para la comunicaci\u00f3n oral y a otras formas de comunicarse como la escritura, la gestualidad, etc. Generalmente se usan los dos hemisferios del cerebro y es el tipo de inteligencia de los escritores y poetas.<\/span><\/span><\/span><\/p>\n<p class=\"western\" align=\"justify\"><span style=\"color: #000000\"><span style=\"font-family: Arial, sans-serif\"><span style=\"font-size: medium\"><em><strong>Inteligencia musical:<\/strong><\/em> llamada tambi\u00e9n como \u201cbuen o\u00eddo\u201d es la que poseen los cantantes, bailarines y grandes m\u00fasicos, la fuerza de esta inteligencia radica desde el nacimiento, pero para desarrollar todo su potencial debe ser estimulada.<\/span><\/span><\/span><\/p>\n<p class=\"western\" align=\"justify\"><span style=\"color: #000000\"><span style=\"font-family: Arial, sans-serif\"><span style=\"font-size: medium\"><em><strong>Inteligencia l\u00f3gico-matem\u00e1tica:<\/strong> <\/em>es la inteligencia de las ciencias exactas y es las m\u00e1s parecida al concepto tradicional de inteligencia. Se usa el hemisferio l\u00f3gico del cerebro.<\/span><\/span><\/span><\/p>\n<p class=\"western\" align=\"justify\"><span style=\"color: #000000\"><span style=\"font-family: Arial, sans-serif\"><span style=\"font-size: medium\"><em><strong>Inteligencia espacial:<\/strong><\/em> C<\/span><\/span><span style=\"font-family: Arial, sans-serif\"><span style=\"font-size: medium\">onocida como inteligencia visual-espacial, es la habilidad que nos permite <\/span><\/span><span style=\"font-family: Arial, sans-serif\"><span style=\"font-size: medium\">observar el mundo y los objetos desde diferentes perspectivas. <\/span><\/span><span style=\"font-family: Arial, sans-serif\"><span style=\"font-size: medium\">En este grupo destacan los ajedrecistas, ingenieros, cirujanos, arquitectos y los profesionales de las artes visuales (pintores, dise\u00f1adores, escultores y otros).<\/span><\/span><\/span><\/p>\n<p class=\"western\" align=\"justify\"><span style=\"color: #000000\"><em><strong><span style=\"font-family: Arial, sans-serif\"><span style=\"font-size: medium\">Inteligencia corporal: <\/span><\/span><\/strong><\/em><span style=\"font-family: Arial, sans-serif\"><span style=\"font-size: medium\">Son especialmente brillantes en este tipo de inteligencia bailarines<\/span><\/span><span style=\"font-family: Arial, sans-serif\"><span style=\"font-size: medium\">, <\/span><\/span><span style=\"font-family: Arial, sans-serif\"><span style=\"font-size: medium\">actores, deportistas, y hasta cirujanos y creadores pl\u00e1sticos<\/span><\/span><span style=\"font-family: Arial, sans-serif\"><span style=\"font-size: medium\">, pues todos ellos tienen que emplear de manera racional sus habilidades f\u00edsicas. <\/span><\/span><span style=\"font-family: Arial, sans-serif\"><span style=\"font-size: medium\">Es el uso del cuerpo para solucionar problemas y realizar actividades.<\/span><\/span><\/span><\/p>\n<p class=\"western\" align=\"justify\"><span style=\"color: #000000\"><span style=\"font-family: Arial, sans-serif\"><span style=\"font-size: medium\"><em><strong>Inteligencia intrapersonal:<\/strong><\/em> Es funcional para cualquier \u00e1rea de nuestra vida y es la que permite conocer cualidades y defectos para tener control de los sentimientos y conocer los limites de expresi\u00f3n de estos.<\/span><\/span><\/span><\/p>\n<p class=\"western\" align=\"justify\"><span style=\"color: #000000\"><span style=\"font-family: Arial, sans-serif\"><span style=\"font-size: medium\"><em><strong>Inteligencia Interpersonal:<\/strong><\/em> Basada en la capacidad de manejar las relaciones humanas, la empat\u00eda y de interactuar con los dem\u00e1s. Es indispensable que un l\u00edder tenga este tipo de inteligencia y haga uso de ella.<\/span><\/span><\/span><\/p>\n<p class=\"western\" align=\"justify\"><span style=\"color: #000000\"><span style=\"font-family: Arial, sans-serif\"><span style=\"font-size: medium\"><em><strong>Inteligencia naturalista:<\/strong><\/em> permite detectar, diferenciar y categorizar los aspectos vinculados al entorno, como por ejemplo las especies animales y vegetales o fen\u00f3menos relacionados con el clima, la geograf\u00eda o los fen\u00f3menos de la naturaleza. Fue la \u00faltima de las inteligencias incorporadas a la teor\u00eda.<\/span><\/span><\/span><\/p>\n<div class=\"venep-after-content venep-entity-placement\" id=\"venep-3909375369\"><div id=\"venep-2883341057\"><script async src=\"https:\/\/pagead2.googlesyndication.com\/pagead\/js\/adsbygoogle.js?client=ca-pub-5862940809620110\"\r\n     crossorigin=\"anonymous\"><\/script>\r\n<ins class=\"adsbygoogle\"\r\n     style=\"display:block\"\r\n     data-ad-format=\"fluid\"\r\n     data-ad-layout-key=\"-6t+ed+2i-1n-4w\"\r\n     data-ad-client=\"ca-pub-5862940809620110\"\r\n     data-ad-slot=\"7946604715\"><\/ins>\r\n<script>\r\n     (adsbygoogle = window.adsbygoogle || []).push({});\r\n<\/script><\/div><\/div>","protected":false},"excerpt":{"rendered":"<p>Howard Gardner es profesor de la universidad de Harvard. Es psic\u00f3logo e investigador y entre sus principales aportes se destaca el an\u00e1lisis de las capacidades cognitivas y la teor\u00eda de&hellip; <\/p>\n","protected":false},"author":55,"featured_media":1935,"comment_status":"open","ping_status":"open","sticky":false,"template":"","format":"standard","meta":{"footnotes":""},"categories":[59],"tags":[],"class_list":["post-1932","post","type-post","status-publish","format-standard","has-post-thumbnail","hentry","category-asesoria"],"_links":{"self":[{"href":"https:\/\/veneportal.com\/noticias\/wp-json\/wp\/v2\/posts\/1932","targetHints":{"allow":["GET"]}}],"collection":[{"href":"https:\/\/veneportal.com\/noticias\/wp-json\/wp\/v2\/posts"}],"about":[{"href":"https:\/\/veneportal.com\/noticias\/wp-json\/wp\/v2\/types\/post"}],"author":[{"embeddable":true,"href":"https:\/\/veneportal.com\/noticias\/wp-json\/wp\/v2\/users\/55"}],"replies":[{"embeddable":true,"href":"https:\/\/veneportal.com\/noticias\/wp-json\/wp\/v2\/comments?post=1932"}],"version-history":[{"count":1,"href":"https:\/\/veneportal.com\/noticias\/wp-json\/wp\/v2\/posts\/1932\/revisions"}],"predecessor-version":[{"id":1933,"href":"https:\/\/veneportal.com\/noticias\/wp-json\/wp\/v2\/posts\/1932\/revisions\/1933"}],"wp:featuredmedia":[{"embeddable":true,"href":"https:\/\/veneportal.com\/noticias\/wp-json\/wp\/v2\/media\/1935"}],"wp:attachment":[{"href":"https:\/\/veneportal.com\/noticias\/wp-json\/wp\/v2\/media?parent=1932"}],"wp:term":[{"taxonomy":"category","embeddable":true,"href":"https:\/\/veneportal.com\/noticias\/wp-json\/wp\/v2\/categories?post=1932"},{"taxonomy":"post_tag","embeddable":true,"href":"https:\/\/veneportal.com\/noticias\/wp-json\/wp\/v2\/tags?post=1932"}],"curies":[{"name":"wp","href":"https:\/\/api.w.org\/{rel}","templated":true}]}}