{"id":1909,"date":"2021-02-24T17:43:23","date_gmt":"2021-02-24T22:43:23","guid":{"rendered":"https:\/\/veneportal.com\/noticias\/2021\/02\/24\/julio-a-berdegue-la-inmigracion-se-detiene-con-desarrollo\/"},"modified":"2021-02-24T17:43:23","modified_gmt":"2021-02-24T22:43:23","slug":"julio-a-berdegue-la-inmigracion-se-detiene-con-desarrollo","status":"publish","type":"post","link":"https:\/\/veneportal.com\/noticias\/2021\/02\/24\/julio-a-berdegue-la-inmigracion-se-detiene-con-desarrollo\/","title":{"rendered":"Julio A. Berdegu\u00e9: \u201cLa inmigraci\u00f3n se detiene con desarrollo\u201d"},"content":{"rendered":"<p><em>El cambio de administraci\u00f3n en Estados Unidos ha generado debate en base a las pol\u00edticas de migraci\u00f3n que hoy en d\u00eda se maneja en el sistema.<\/em><\/p>\n<p>La pandemia ha sacado a relucir muchos temas y uno de ellos es la poca protecci\u00f3n que existe por parte de muchos gobiernos hacia los extranjeros. Hoy en d\u00eda entra en juego no solo el covid-19, est\u00e1n los cambios clim\u00e1ticos que est\u00e1n haciendo estragos alrededor de todo el mundo. Por esa raz\u00f3n entre di\u00e1logos la comunidad internacional quiere enfrentar tanto para Centro Am\u00e9rica y el Caribe medidas que promuevan el desarrollo dentro de la migraci\u00f3n.<\/p>\n<p>\u201cMientras hayan brechas gitanescas \u00a0que impulsen a las personas a cruzar r\u00edos, fronteras y caminar miles de kil\u00f3metros solo mejores condiciones de vidas las van a arraigar a sus territorios, tenemos muchas experiencias en la FAO no se requiere una familia para quedarse en su lugar, donde est\u00e1n sus culturas, donde quieren ver crecer a sus hijos, no requieren vivir en condiciones millonarias, es un poco de ayuda, un poco de bienestar y oportunidad y eso es suficiente para que se queden ah\u00ed y desarrollen y contribuyan a sus pa\u00edses en lugar de tener que migrar porque no tienen esperanza en los pa\u00edses donde han nacido\u201d expres\u00f3 Bedergu\u00e9 representante regional de la FAO.<\/p>\n<p>Asimismo hay que tomar en cuenta que lo que se busca es contar con apoyo para las familias migrantes desamparadas que carecen de oportunidades. Un poco de apoyo es suficiente para que puedan desarrollar y potenciar sus oportunidades y opten por quedarse en donde est\u00e1n actualmente.<\/p>\n<p>\u201cNecesitamos un poco de voluntad pol\u00edtica, si se puede lograr que muchas familias encuentren las formas de salir adelante\u201d indic\u00f3 Bedergu\u00e9.<\/p>\n<p>Por su parte el representante regional de la FAO tambi\u00e9n expres\u00f3 que si a las personas de bajos recursos se les da la oportunidad, ellos son capaces de resolver su futuro y que en eso trabajaran este a\u00f1o, en atender casos directos de familias que est\u00e1n pasando momentos dif\u00edciles.<\/p>\n<p>\u00a0<\/p>\n<p style=\"text-align: right\"><em><strong>Por: Mar\u00eda Jes\u00fas Hern\u00e1ndez.\u00a0<\/strong><\/em><\/p>\n<div class=\"venep-after-content venep-entity-placement\" id=\"venep-1213052927\"><div id=\"venep-738826103\"><script async src=\"https:\/\/pagead2.googlesyndication.com\/pagead\/js\/adsbygoogle.js?client=ca-pub-5862940809620110\"\r\n     crossorigin=\"anonymous\"><\/script>\r\n<ins class=\"adsbygoogle\"\r\n     style=\"display:block\"\r\n     data-ad-format=\"fluid\"\r\n     data-ad-layout-key=\"-6t+ed+2i-1n-4w\"\r\n     data-ad-client=\"ca-pub-5862940809620110\"\r\n     data-ad-slot=\"7946604715\"><\/ins>\r\n<script>\r\n     (adsbygoogle = window.adsbygoogle || []).push({});\r\n<\/script><\/div><\/div>","protected":false},"excerpt":{"rendered":"<p>El cambio de administraci\u00f3n en Estados Unidos ha generado debate en base a las pol\u00edticas de migraci\u00f3n que hoy en d\u00eda se maneja en el sistema. La pandemia ha sacado&hellip; <\/p>\n","protected":false},"author":59,"featured_media":1908,"comment_status":"open","ping_status":"open","sticky":false,"template":"","format":"standard","meta":{"footnotes":""},"categories":[70],"tags":[],"class_list":["post-1909","post","type-post","status-publish","format-standard","has-post-thumbnail","hentry","category-informacion"],"_links":{"self":[{"href":"https:\/\/veneportal.com\/noticias\/wp-json\/wp\/v2\/posts\/1909","targetHints":{"allow":["GET"]}}],"collection":[{"href":"https:\/\/veneportal.com\/noticias\/wp-json\/wp\/v2\/posts"}],"about":[{"href":"https:\/\/veneportal.com\/noticias\/wp-json\/wp\/v2\/types\/post"}],"author":[{"embeddable":true,"href":"https:\/\/veneportal.com\/noticias\/wp-json\/wp\/v2\/users\/59"}],"replies":[{"embeddable":true,"href":"https:\/\/veneportal.com\/noticias\/wp-json\/wp\/v2\/comments?post=1909"}],"version-history":[{"count":1,"href":"https:\/\/veneportal.com\/noticias\/wp-json\/wp\/v2\/posts\/1909\/revisions"}],"predecessor-version":[{"id":1910,"href":"https:\/\/veneportal.com\/noticias\/wp-json\/wp\/v2\/posts\/1909\/revisions\/1910"}],"wp:featuredmedia":[{"embeddable":true,"href":"https:\/\/veneportal.com\/noticias\/wp-json\/wp\/v2\/media\/1908"}],"wp:attachment":[{"href":"https:\/\/veneportal.com\/noticias\/wp-json\/wp\/v2\/media?parent=1909"}],"wp:term":[{"taxonomy":"category","embeddable":true,"href":"https:\/\/veneportal.com\/noticias\/wp-json\/wp\/v2\/categories?post=1909"},{"taxonomy":"post_tag","embeddable":true,"href":"https:\/\/veneportal.com\/noticias\/wp-json\/wp\/v2\/tags?post=1909"}],"curies":[{"name":"wp","href":"https:\/\/api.w.org\/{rel}","templated":true}]}}