{"id":1848,"date":"2021-02-22T07:28:31","date_gmt":"2021-02-22T12:28:31","guid":{"rendered":"https:\/\/veneportal.com\/noticias\/2021\/02\/22\/andres-arauz-y-guillermo-lasso-se-enfrentaran-en-una-segunda-vuelta-de-presidenciales\/"},"modified":"2021-02-22T07:28:31","modified_gmt":"2021-02-22T12:28:31","slug":"andres-arauz-y-guillermo-lasso-se-enfrentaran-en-una-segunda-vuelta-de-presidenciales","status":"publish","type":"post","link":"https:\/\/veneportal.com\/noticias\/2021\/02\/22\/andres-arauz-y-guillermo-lasso-se-enfrentaran-en-una-segunda-vuelta-de-presidenciales\/","title":{"rendered":"Andr\u00e9s Arauz y Guillermo Lasso se enfrentar\u00e1n en una segunda vuelta de presidenciales."},"content":{"rendered":"<p>Luego de d\u00edas de tensi\u00f3n para definir el segundo puesto para ir a la segunda vuelta presidencial en Ecuador, el CNE anunci\u00f3 los resultados finales de los votos escrutados. El socialista Andr\u00e9s Arauz ha ganado las elecciones con el \u00a032,72% de los votos y el segundo puesto lo obtuvo el empresario y banquero Guillermo Lasso con el 19,74% de los votos.<\/p>\n<p>De esta forma es importante tomar en cuenta que Yaku P\u00e9rez el candidato por el movimiento ind\u00edgena \u00a0y quien estaba compitiendo por la segunda vuelta con Lasso, no acepta los resultados emitidos por el CNE y actualmente junto a su equipo ha iniciado una marcha por la democracia y contra el fraude que inici\u00f3 el s\u00e1bado pasado y a la que se ha sumado el propio P\u00e9rez. La finalidad de esta marcha es llegar\u00a0 ma\u00f1ana a Quito con la intenci\u00f3n de manifestarse frente a la sede del concejo nacional electoral exigiendo recuento de votos en varias provincias pero que ya el concejo ha rechazo con oficialmente en varias oportunidades.<\/p>\n<p>En las pr\u00f3ximas horas el CNE debe notificar los datos oficiales a las organizaciones pol\u00edticas y queda abierta la etapa para presentar apelaciones o impugnaciones. Asimismo, el 16 de marzo es la fecha del inicio campa\u00f1a de unas elecciones marcadas por una profunda paralizaci\u00f3n pol\u00edtica en medio de la pandemia, las revueltas sociales y una de las mayores crisis en la historia de Ecuador.<\/p>\n<p><em><strong>\u00bfQui\u00e9n es Andr\u00e9s Arauz?<\/strong><\/em><\/p>\n<p>Tienes 35 a\u00f1os, naci\u00f3 en Quito y en twitter se define como patriota, dem\u00f3crata y progresista. A finales del 2000 se ocup\u00f3 de cargos en ministerios e instituciones (Banco Central). Actualmente candidato pertenece a movimiento pol\u00edtico Uni\u00f3n por la Esperanza con un apoyo del 100% por el expresidente de Ecuador Rafael Correa.<\/p>\n<p><em><strong>\u00bfQui\u00e9n es Guillermo Lasso?<\/strong><\/em><\/p>\n<p>Guillermo Lasso es un empresario, banquero y pol\u00edtico ecuatoriano. Fue presidente ejecutivo y es uno de los principales accionistas del Banco Guayaquil. Tambi\u00e9n es fundador y l\u00edder del Movimiento CREO, por el que ha sido candidato a la presidencia de Ecuador en las elecciones de 2013 y 2017.<\/p>\n<p>El pr\u00f3ximo 11 de abril se llevar\u00e1 a cabo la segunda vuelta presidencial en Ecuador por lo que se estima que desde el 16 de marzo ambos candidatos estar\u00e1n d\u00e1ndolo todo para que el pueblo ecuatoriano pueda escoger democr\u00e1ticamente a su pr\u00f3ximo Presidente.<\/p>\n<p style=\"text-align: right\"><em><strong>Por: Mar\u00eda Jes\u00fas Hern\u00e1ndez.<\/strong><\/em><\/p>\n<div class=\"venep-after-content venep-entity-placement\" id=\"venep-2263411990\"><div id=\"venep-1509819150\"><script async src=\"https:\/\/pagead2.googlesyndication.com\/pagead\/js\/adsbygoogle.js?client=ca-pub-5862940809620110\"\r\n     crossorigin=\"anonymous\"><\/script>\r\n<ins class=\"adsbygoogle\"\r\n     style=\"display:block\"\r\n     data-ad-format=\"fluid\"\r\n     data-ad-layout-key=\"-6t+ed+2i-1n-4w\"\r\n     data-ad-client=\"ca-pub-5862940809620110\"\r\n     data-ad-slot=\"7946604715\"><\/ins>\r\n<script>\r\n     (adsbygoogle = window.adsbygoogle || []).push({});\r\n<\/script><\/div><\/div>","protected":false},"excerpt":{"rendered":"<p>Luego de d\u00edas de tensi\u00f3n para definir el segundo puesto para ir a la segunda vuelta presidencial en Ecuador, el CNE anunci\u00f3 los resultados finales de los votos escrutados. El&hellip; <\/p>\n","protected":false},"author":59,"featured_media":1847,"comment_status":"open","ping_status":"open","sticky":false,"template":"","format":"standard","meta":{"footnotes":""},"categories":[70],"tags":[],"class_list":["post-1848","post","type-post","status-publish","format-standard","has-post-thumbnail","hentry","category-informacion"],"_links":{"self":[{"href":"https:\/\/veneportal.com\/noticias\/wp-json\/wp\/v2\/posts\/1848","targetHints":{"allow":["GET"]}}],"collection":[{"href":"https:\/\/veneportal.com\/noticias\/wp-json\/wp\/v2\/posts"}],"about":[{"href":"https:\/\/veneportal.com\/noticias\/wp-json\/wp\/v2\/types\/post"}],"author":[{"embeddable":true,"href":"https:\/\/veneportal.com\/noticias\/wp-json\/wp\/v2\/users\/59"}],"replies":[{"embeddable":true,"href":"https:\/\/veneportal.com\/noticias\/wp-json\/wp\/v2\/comments?post=1848"}],"version-history":[{"count":1,"href":"https:\/\/veneportal.com\/noticias\/wp-json\/wp\/v2\/posts\/1848\/revisions"}],"predecessor-version":[{"id":1849,"href":"https:\/\/veneportal.com\/noticias\/wp-json\/wp\/v2\/posts\/1848\/revisions\/1849"}],"wp:featuredmedia":[{"embeddable":true,"href":"https:\/\/veneportal.com\/noticias\/wp-json\/wp\/v2\/media\/1847"}],"wp:attachment":[{"href":"https:\/\/veneportal.com\/noticias\/wp-json\/wp\/v2\/media?parent=1848"}],"wp:term":[{"taxonomy":"category","embeddable":true,"href":"https:\/\/veneportal.com\/noticias\/wp-json\/wp\/v2\/categories?post=1848"},{"taxonomy":"post_tag","embeddable":true,"href":"https:\/\/veneportal.com\/noticias\/wp-json\/wp\/v2\/tags?post=1848"}],"curies":[{"name":"wp","href":"https:\/\/api.w.org\/{rel}","templated":true}]}}