{"id":1833,"date":"2021-02-19T14:48:49","date_gmt":"2021-02-19T19:48:49","guid":{"rendered":"https:\/\/veneportal.com\/noticias\/2021\/02\/19\/artistas-colombianos-arrasaron-en-premios-lo-nuestro\/"},"modified":"2021-02-19T14:56:20","modified_gmt":"2021-02-19T19:56:20","slug":"artistas-colombianos-arrasaron-en-premios-lo-nuestro","status":"publish","type":"post","link":"https:\/\/veneportal.com\/noticias\/2021\/02\/19\/artistas-colombianos-arrasaron-en-premios-lo-nuestro\/","title":{"rendered":"Artistas colombianos arrasaron en Premios lo Nuestro"},"content":{"rendered":"<p><em>La gala m\u00e1s importante de la m\u00fasica latina se llev\u00f3 a cabo ayer en el American Airlen Arena de Miami con presentaciones en vivo de grandes artistas como la familia Montaner. <\/em><\/p>\n<p>La edici\u00f3n n\u00famero 33 de Premio lo Nuestro estuvo cargada de juventud, energ\u00eda y mucho sabor. El p\u00fablico a finales de enero ya hab\u00eda decidido quienes eran los cantantes preferidos del momento y en la noche de ayer par de artistas se fueron a casa con m\u00e1s de un premio, \u00a0comenzando por Camilo quien se llev\u00f3 5 premios y quien destac\u00f3 en su \u00faltimo post de instagram:<\/p>\n<p><em>\u00a0\u201cGracias Tribu, gracias por dejar que mis canciones tengan lugar en su vida y los acompa\u00f1en cuando lo necesitan.\u00a0 Gracias a Dios por dejarme ser reflejito suyo, hoy mis manos llevan 5 premios)\u201d.<\/em><\/p>\n<p>Asimismo, as\u00ed como hubo artistas que se llevaron muchos galardones existieron otros como Jbalvin quien a pesar de haber sido el m\u00e1s nominado no se llev\u00f3 ninguna estatuilla.<\/p>\n<p>Por su parte\u00a0la colombiana Karol G gan\u00f3 en la categor\u00eda de Canci\u00f3n del A\u00f1o por\u00a0tusa la canci\u00f3n que cont\u00f3 con la participaci\u00f3n de\u00a0Nicky Minaj. De esta manera Colombia sigui\u00f3 resonando con la participaci\u00f3n de Maluma en una alfombra magenta y quien cerr\u00f3 la racha de \u00e9xitos con los reconocimientos a\u00a0canci\u00f3n del A\u00f1o-Pop balada\u00a0y\u00a0canci\u00f3n del a\u00f1o\u00a0con\u00a0ADMV.<\/p>\n<p><em>\u00a0\u00a0\u00a0\u00a0\u00a0\u00a0\u00a0\u00a0\u00a0\u00a0\u00a0\u00a0\u00a0\u00a0\u00a0\u00a0\u00a0\u00a0\u00a0\u00a0\u00a0 Camilo gana a categor\u00eda m\u00e1s importante de Premios Lo Nuestro:\u00a0 \u00a0 \u00a0 \u00a0 \u00a0 \u00a0 \u00a0 \u00a0 \u00a0 \u00a0<\/em><\/p>\n<p style=\"text-align: center\">https:\/\/youtu.be\/A6cfekZF0LA<\/p>\n<p>Y otro evento porque usual que se present\u00f3 en la gala m\u00e1s importante para la m\u00fasica latina fue la aparici\u00f3n en escenario de Natti Natasha quien mostr\u00f3 orgullosamente embarazo y explic\u00f3 lo dif\u00edcil que fue conseguirlo: \u201ctantas veces que mucho doctores me dijeron no podr\u00e1s ser madre y hoy estoy aqu\u00ed frente a ustedes compartiendo esta barriguita de seis meses, as\u00ed que muy feliz y a trabajar el triple\u201d.<\/p>\n<p style=\"text-align: center\"><iframe title=\"Natti Natasha celebra su embarazo de 6 meses y revela lo dif\u00edcil que fue lograrlo |Premio Lo Nuestro\" width=\"1110\" height=\"624\" src=\"https:\/\/www.youtube.com\/embed\/FU_S0Z2Mn1E?feature=oembed\" frameborder=\"0\" allow=\"accelerometer; autoplay; clipboard-write; encrypted-media; gyroscope; picture-in-picture; web-share\" referrerpolicy=\"strict-origin-when-cross-origin\" allowfullscreen><\/iframe><\/p>\n<p>En el evento no pod\u00eda falta la familia Montaner y Camilo unidos para elevar el canto por la fe y esperanza. Es importante recordar que la familia m\u00e1s querida por todos los latinos lanzaron este tema durante la pandemia como una forma de apoyo a sus seguidores en tiempos dif\u00edciles.<\/p>\n<p style=\"text-align: center\">https:\/\/youtu.be\/nARtRICnE0E<\/p>\n<p><em>Si te perdiste lo mejor de la mejor gala del 2021 aqu\u00ed podr\u00e1s disfrutar cada momento que se vivi\u00f3 en el escenario del <\/em><em>American Airlen Arena de Miami la noche de ayer.<\/em><\/p>\n<p style=\"text-align: center\"><iframe title=\"Anuel y Ozuna nos ponen a bailar en Premio Lo Nuestro con &#039;Antes&#039; y &#039;RD&#039;\" width=\"1110\" height=\"624\" src=\"https:\/\/www.youtube.com\/embed\/qy9OEL3PA8I?feature=oembed\" frameborder=\"0\" allow=\"accelerometer; autoplay; clipboard-write; encrypted-media; gyroscope; picture-in-picture; web-share\" referrerpolicy=\"strict-origin-when-cross-origin\" allowfullscreen><\/iframe><\/p>\n<p style=\"text-align: center\">https:\/\/youtu.be\/xZXXiUU1asY<\/p>\n<p style=\"text-align: center\">https:\/\/youtu.be\/9yUlOtsJr3U<\/p>\n<p style=\"text-align: center\">https:\/\/youtu.be\/uhks8YQTbFQ<\/p>\n<p style=\"text-align: center\">https:\/\/youtu.be\/AnsYQT_sYos<\/p>\n<p style=\"text-align: center\"><iframe title=\"Gilberto Santa Rosa, N\u00e9stor Torres y Jose Alberto \u2018El canario\u2019 recuerdan a Johnny Pacheco | PLN\" width=\"1110\" height=\"624\" src=\"https:\/\/www.youtube.com\/embed\/cKZ7llZYubE?feature=oembed\" frameborder=\"0\" allow=\"accelerometer; autoplay; clipboard-write; encrypted-media; gyroscope; picture-in-picture; web-share\" referrerpolicy=\"strict-origin-when-cross-origin\" allowfullscreen><\/iframe><\/p>\n<p style=\"text-align: right\"><em><strong>Por: Mar\u00eda Jes\u00fas Hern\u00e1ndez.<\/strong><\/em><\/p>\n<div class=\"venep-after-content venep-entity-placement\" id=\"venep-3259957473\"><div id=\"venep-3012513003\"><a href=\"https:\/\/veneportal.com\/clasificados\/listing\/naiguata-restobar\/\" aria-label=\"naiguata retobar\"><img src=\"https:\/\/veneportal.com\/noticias\/wp-content\/uploads\/sites\/2\/2021\/07\/1.png\" alt=\"naiguata retobar\"  width=\"300\" height=\"250\"   \/><\/a><\/div><\/div>","protected":false},"excerpt":{"rendered":"<p>La gala m\u00e1s importante de la m\u00fasica latina se llev\u00f3 a cabo ayer en el American Airlen Arena de Miami con presentaciones en vivo de grandes artistas como la familia&hellip; <\/p>\n","protected":false},"author":59,"featured_media":1832,"comment_status":"open","ping_status":"open","sticky":false,"template":"","format":"standard","meta":{"footnotes":""},"categories":[57],"tags":[],"class_list":["post-1833","post","type-post","status-publish","format-standard","has-post-thumbnail","hentry","category-articulos-de-opinion"],"_links":{"self":[{"href":"https:\/\/veneportal.com\/noticias\/wp-json\/wp\/v2\/posts\/1833","targetHints":{"allow":["GET"]}}],"collection":[{"href":"https:\/\/veneportal.com\/noticias\/wp-json\/wp\/v2\/posts"}],"about":[{"href":"https:\/\/veneportal.com\/noticias\/wp-json\/wp\/v2\/types\/post"}],"author":[{"embeddable":true,"href":"https:\/\/veneportal.com\/noticias\/wp-json\/wp\/v2\/users\/59"}],"replies":[{"embeddable":true,"href":"https:\/\/veneportal.com\/noticias\/wp-json\/wp\/v2\/comments?post=1833"}],"version-history":[{"count":6,"href":"https:\/\/veneportal.com\/noticias\/wp-json\/wp\/v2\/posts\/1833\/revisions"}],"predecessor-version":[{"id":1839,"href":"https:\/\/veneportal.com\/noticias\/wp-json\/wp\/v2\/posts\/1833\/revisions\/1839"}],"wp:featuredmedia":[{"embeddable":true,"href":"https:\/\/veneportal.com\/noticias\/wp-json\/wp\/v2\/media\/1832"}],"wp:attachment":[{"href":"https:\/\/veneportal.com\/noticias\/wp-json\/wp\/v2\/media?parent=1833"}],"wp:term":[{"taxonomy":"category","embeddable":true,"href":"https:\/\/veneportal.com\/noticias\/wp-json\/wp\/v2\/categories?post=1833"},{"taxonomy":"post_tag","embeddable":true,"href":"https:\/\/veneportal.com\/noticias\/wp-json\/wp\/v2\/tags?post=1833"}],"curies":[{"name":"wp","href":"https:\/\/api.w.org\/{rel}","templated":true}]}}