{"id":1804,"date":"2021-02-18T18:33:21","date_gmt":"2021-02-18T23:33:21","guid":{"rendered":"https:\/\/veneportal.com\/noticias\/2021\/02\/18\/dos-siglas-un-significado-de-esclerosis-multiple-a-estoy-mejor\/"},"modified":"2021-02-18T18:33:21","modified_gmt":"2021-02-18T23:33:21","slug":"dos-siglas-un-significado-de-esclerosis-multiple-a-estoy-mejor","status":"publish","type":"post","link":"https:\/\/veneportal.com\/noticias\/2021\/02\/18\/dos-siglas-un-significado-de-esclerosis-multiple-a-estoy-mejor\/","title":{"rendered":"Dos siglas, un significado: \u201cDe esclerosis m\u00faltiple a estoy mejor\u201d."},"content":{"rendered":"<p><em>Laura Verdugo es coach profesional, de nacionalidad espa\u00f1ola, tiene 36 a\u00f1os, est\u00e1 casada y es madre de un ni\u00f1o de 4 a\u00f1os ella, quien padece de esclerosis m\u00faltiple desde hace 10 a\u00f1os, actualmente sue\u00f1a con apoyar a personas a sobrellevar esta fuerte enfermedad.<\/em><\/p>\n<p>La esclerosis m\u00faltiple es una enfermedad en la que el sistema inmunol\u00f3gico degrada la cubierta protectora de los nervios hasta\u00a0 interrumpir la comunicaci\u00f3n entre el cerebro y el cuerpo.<\/p>\n<p>Para hablar de este tema hemos invitado a Laura a contar su historia y desde su vivencia poder ser una voz ante el mundo, por todas aquellas personas que est\u00e1n siendo diagnosticadas recientemente y aquellas que llevan a\u00f1os sufriendo silenciosamente.<\/p>\n<p>Es importante tomar en cuenta que Laura, ha decido darle la vuelta a su condici\u00f3n de salud y hacerle frente con la mejor cara, permitiendo sentir todas las emociones si reprimirlas, ni ocultarlas.<\/p>\n<p><strong>\u00a0\u00bfLaura, primeramente me gustar\u00eda saber c\u00f3mo te diagnosticaron esta enfermedad y c\u00f3mo lo sobrellevaste los primeros a\u00f1os?<\/strong><\/p>\n<p><em>\u201cA m\u00ed me diagnosticaron esclerosis m\u00faltiple en septiembre de 2010, llevaba 9 meses sintiendo cosas extra\u00f1as, ya ten\u00eda lesiones cerebrales anteriores y seg\u00fan el an\u00e1lisis de los m\u00e9dicos ya llevaba 7 a\u00f1os con la enfermedad, as\u00ed que hoy en d\u00eda llevar\u00eda 17 a\u00f1os. Yo era camarera de un gran restaurante, imag\u00ednate llevar un bandeja y no sentir si desviaba la mirada de la bandeja, se me ca\u00eda\u201d.<\/em><\/p>\n<p><strong>\u00bfQu\u00e9 es para ti la frase \u201cLa vida es 10% lo que pasa y 90% de c\u00f3mo reaccionas\u201d?<\/strong><\/p>\n<p><em>El dolor es algo inevitable pero el proceso de duelo pasa, es nuestra decisi\u00f3n quedarnos en el duelo o seguir hasta ver qu\u00e9 quieres\u00a0 hacer con tu vida. Mientras t\u00fa est\u00e1s llorando pasa la vida y pasa lo bueno tambi\u00e9n es nuestra decisi\u00f3n si quedarnos en el sufrimiento o ayudarnos hasta estar mejor\u201d. <\/em><\/p>\n<p><strong>\u00bfQu\u00e9 hay detr\u00e1s del proyecto <em>Estoy Mejor<\/em>?<\/strong><\/p>\n<p><em>Estoy mejor son las dos siglas de Esclerosis M\u00faltiple, hace 11 a\u00f1os conoc\u00ed a una persona que me dijo que le colocara un significado diferente a esas dos palabras para que cada vez que las veas no te duela de esa manera. Y la verdad que sali\u00f3 instant\u00e1neo y estoy mejor. Con el pasar de los a\u00f1os ya s\u00e9 lo que quiero y c\u00f3mo me quiero sentir y antes no lo sab\u00eda.<\/em><\/p>\n<p>\u00a0<\/p>\n<p><strong>\u00bfCu\u00e9ntame un poco acerca del e-book que has creado y qu\u00e9 podemos encontrar en \u00e9l?<\/strong><\/p>\n<p><em>Nac\u00edo de las ganas de ayudar a personas que hoy no tienen las herramientas que yo no tuve cuando comenc\u00e9 este recorrido. Es una historia propia de muchas historias que est\u00e1n alrededor de todo el mundo. Hoy soy una voz de m\u00e1s de dos millones y medio de personas que est\u00e1n diagnosticadas en este momento pero ma\u00f1ana quiero que sean muchas las voces que se sumen a hablar de su experiencia para que no seamos silenciados y podamos ser un aporte a la sociedad. <\/em><\/p>\n<p><strong>\u00bfQu\u00e9 consideras t\u00fa que es lo peor de esta enfermedad y c\u00f3mo recomiendas ser tratada?<\/strong><\/p>\n<p><em>Es una enfermedad caprichosa llamada las mil caras porque a cada uno ataca de una forma diferente. Yo por ahora he perdido la sensibilidad de las dos piernas, las manos y la cara pero lo he recuperado paso a paso pero no al cien por ciento. Lo peor de esta enfermedad es el no saber lo que te pueda pasar pero de qu\u00e9\u00a0 sirve pensar en el ma\u00f1ana si hoy no tenemos control absoluto de nada. <\/em><\/p>\n<p><strong>\u00bfCu\u00e1les son los s\u00edntomas m\u00e1s frecuentes en esta enfermedad?<\/strong><\/p>\n<p><em>Hay unos s\u00edntomas que son invisibles que siempre est\u00e1n, el m\u00e1s com\u00fan es la fatiga cr\u00f3nica es llegar a un l\u00edmite de no poder m\u00e1s es como si te pusieran 20 kilos en todas las extremidades pero me he dado que si conoces a tu cuerpo y te escuchas a ti mismo puedes ponerte un l\u00edmite y evitar que la fatiga llegue. Al conocer a tu cuerpo sabr\u00e1s cuando necesitas pausar y descansar. <\/em><\/p>\n<p><strong>\u00bfC\u00f3mo sobrellevas los trastornos emocionales que se generan par de veces, tienes alguna forma de lograr combatirlos?<\/strong><\/p>\n<p><em>Los trastornos emocionales est\u00e1n todos los d\u00edas en todas las personas y combatirlos parte de la idea de saber qu\u00e9 quieres t\u00fa porque las emociones no son buenas y malas, simplemente son. Hacer una programaci\u00f3n neuroling\u00fc\u00edstica siento que juega un papel importante para no sabotear al otro ni a ti mismo. <\/em><\/p>\n<p><em>Gestionar las emociones ayudar\u00e1 que vayan a favor nuestro y no en contra. <\/em><\/p>\n<p><strong>\u00bfCu\u00e9ntame c\u00f3mo y cu\u00e1ndo tomaste la decisi\u00f3n de certificarte como coach y c\u00f3mo te proyectas en esta nueva faceta de tu vida?<\/strong><\/p>\n<p><em>Estaba en una gran empresa con unos jefes y compa\u00f1eros maravillosos pero sent\u00eda que algo me faltaba y comprob\u00e9 que la salida es hacia adentro m\u00e1s no hacia afuera. Entonces comenc\u00e9 de manera casual en un camino estupendo que se llama caminos de coraz\u00f3n y ah\u00ed descubr\u00ed que quer\u00eda hacer coaching, yo he venido aqu\u00ed para poder ayudar a otras personas. Si yo estoy mejor otros como yo pueden estar mejor, yo soy una persona normal pero cambiando ciertas cosas he hecho que mi vida la pueda vivir en may\u00fasculas desde lo simple. <\/em><\/p>\n<p><strong>\u00bfQu\u00e9 les dir\u00edas a las personas que hoy en d\u00eda est\u00e1n siendo diagnosticadas de esta enfermedad y a aquellas que tienen a\u00f1os padeciendo pero est\u00e1n deprimidas y sin ganas de seguir viviendo?<\/strong><\/p>\n<p><em>A las que est\u00e1n diagnosticadas les dir\u00eda que no est\u00e1n solas, que no se dejen caer que tienen que estar bien con su familia y su entorno y que tienen que ver esta nueva realidad no como un mal cambio puede ser potenciador si as\u00ed lo creen. Y a las otras personas que ya llevan a\u00f1os y pueden estar cavando un hoyo lo primero que tienen que hacer es soltar la pala, ya no hay excusa tu eres el responsable de tu vida, no hay medicaci\u00f3n, la condici\u00f3n es lo que pasa pero como t\u00fa te lo tomes es el resultado. <\/em><\/p>\n<p><strong>\u00bfQu\u00e9 le dir\u00edas a tu yo del pasado y a tu yo del futuro?<\/strong><\/p>\n<p><em>Les dir\u00eda querido pasado gracias por las lecciones, querido futuro all\u00e1 voy, estoy mejor. <\/em><\/p>\n<p><strong>\u201cLa vida est\u00e1 pasando en este preciso momento y t\u00fa eres y decides qu\u00e9 hacer con ella hoy a pesar de las circunstancias\u201d.<\/strong><\/p>\n<p><strong><em>Por: Mar\u00eda Jes\u00fas Hern\u00e1ndez<\/em><\/strong><\/p>\n<p><strong><em>@laketuhernandez<\/em><\/strong><\/p>\n<p><strong><em>\u00a0<\/em><\/strong><\/p>\n<p>Disfruta de la entrevista completa en nuestro canal de youtube:<\/p>\n<div class=\"venep-after-content venep-entity-placement\" id=\"venep-559458942\"><div id=\"venep-2303757686\"><a href=\"https:\/\/veneportal.com\/directorio\/post-an-ad\/\" aria-label=\"list your business on veneportal for free\"><img src=\"https:\/\/veneportal.com\/noticias\/wp-content\/uploads\/sites\/2\/2021\/03\/list-your-business-for-free.png\" alt=\"list your business on veneportal for free\"  srcset=\"https:\/\/veneportal.com\/noticias\/wp-content\/uploads\/sites\/2\/2021\/03\/list-your-business-for-free.png 1748w, https:\/\/veneportal.com\/noticias\/wp-content\/uploads\/sites\/2\/2021\/03\/list-your-business-for-free-300x213.png 300w, https:\/\/veneportal.com\/noticias\/wp-content\/uploads\/sites\/2\/2021\/03\/list-your-business-for-free-1024x726.png 1024w, https:\/\/veneportal.com\/noticias\/wp-content\/uploads\/sites\/2\/2021\/03\/list-your-business-for-free-768x545.png 768w, https:\/\/veneportal.com\/noticias\/wp-content\/uploads\/sites\/2\/2021\/03\/list-your-business-for-free-1536x1090.png 1536w, https:\/\/veneportal.com\/noticias\/wp-content\/uploads\/sites\/2\/2021\/03\/list-your-business-for-free-600x426.png 600w\" sizes=\"(max-width: 1748px) 100vw, 1748px\" width=\"1748\" height=\"1240\"   \/><\/a><\/div><\/div>","protected":false},"excerpt":{"rendered":"<p>Laura Verdugo es coach profesional, de nacionalidad espa\u00f1ola, tiene 36 a\u00f1os, est\u00e1 casada y es madre de un ni\u00f1o de 4 a\u00f1os ella, quien padece de esclerosis m\u00faltiple desde hace&hellip; <\/p>\n","protected":false},"author":59,"featured_media":1803,"comment_status":"open","ping_status":"open","sticky":false,"template":"","format":"standard","meta":{"footnotes":""},"categories":[69],"tags":[],"class_list":["post-1804","post","type-post","status-publish","format-standard","has-post-thumbnail","hentry","category-salud"],"_links":{"self":[{"href":"https:\/\/veneportal.com\/noticias\/wp-json\/wp\/v2\/posts\/1804","targetHints":{"allow":["GET"]}}],"collection":[{"href":"https:\/\/veneportal.com\/noticias\/wp-json\/wp\/v2\/posts"}],"about":[{"href":"https:\/\/veneportal.com\/noticias\/wp-json\/wp\/v2\/types\/post"}],"author":[{"embeddable":true,"href":"https:\/\/veneportal.com\/noticias\/wp-json\/wp\/v2\/users\/59"}],"replies":[{"embeddable":true,"href":"https:\/\/veneportal.com\/noticias\/wp-json\/wp\/v2\/comments?post=1804"}],"version-history":[{"count":1,"href":"https:\/\/veneportal.com\/noticias\/wp-json\/wp\/v2\/posts\/1804\/revisions"}],"predecessor-version":[{"id":1805,"href":"https:\/\/veneportal.com\/noticias\/wp-json\/wp\/v2\/posts\/1804\/revisions\/1805"}],"wp:featuredmedia":[{"embeddable":true,"href":"https:\/\/veneportal.com\/noticias\/wp-json\/wp\/v2\/media\/1803"}],"wp:attachment":[{"href":"https:\/\/veneportal.com\/noticias\/wp-json\/wp\/v2\/media?parent=1804"}],"wp:term":[{"taxonomy":"category","embeddable":true,"href":"https:\/\/veneportal.com\/noticias\/wp-json\/wp\/v2\/categories?post=1804"},{"taxonomy":"post_tag","embeddable":true,"href":"https:\/\/veneportal.com\/noticias\/wp-json\/wp\/v2\/tags?post=1804"}],"curies":[{"name":"wp","href":"https:\/\/api.w.org\/{rel}","templated":true}]}}