{"id":1681,"date":"2021-02-12T07:29:48","date_gmt":"2021-02-12T12:29:48","guid":{"rendered":"https:\/\/veneportal.com\/noticias\/2021\/02\/12\/pinera-recibe-la-primera-dosis-de-vacuna-contra-el-covid19\/"},"modified":"2021-02-17T20:29:36","modified_gmt":"2021-02-18T01:29:36","slug":"pinera-recibe-la-primera-dosis-de-vacuna-contra-el-covid19","status":"publish","type":"post","link":"https:\/\/veneportal.com\/noticias\/2021\/02\/12\/pinera-recibe-la-primera-dosis-de-vacuna-contra-el-covid19\/","title":{"rendered":"Pi\u00f1era recibe la primera dosis de vacuna contra el Covid19"},"content":{"rendered":"<p>A primera hora de este viernes, en el sur de Chile, el presidente Sebastian Pi\u00f1era de 71 a\u00f1os de edad, acudi\u00f3 al centro comunitario de salud familiar de Nontuel\u00e1 para recibir su primera dosis contra el Covid19.<\/p>\n<p>El d\u00eda de hoy lleg\u00f3 el turno del presidente de Chile cuando ya m\u00e1s de un mill\u00f3n y medio de personas se han vacunado en el pa\u00eds. Hay que recordar que el calendario de vacunaci\u00f3n correspondiente para el d\u00eda de hoy est\u00e1 disponible para las personas que tienen entre 71 y 72 a\u00f1os donde pueden asistir tanto los centros de vacunaci\u00f3n p\u00fablicos o privados y en paralelo se est\u00e1 vacunando a personal de farmacias, de funciones esenciales de atenci\u00f3n a la ciudadan\u00eda y personas que trabajan actualmente en fuerzas de seguridad por plan de acci\u00f3n del coronavirus.<\/p>\n<p>Una de las indicaciones que recibi\u00f3 Pi\u00f1era por parte del param\u00e9dico que lo atendi\u00f3 fue que tiene que estar en reposo por unas horas para evaluar los efectos secundarios que pueda generar la vacuna en su organismo y seguidamente le facilitaron un carnet donde especifica el d\u00eda y hora \u00a0que le corresponder\u00e1 inyectarse la segunda dosis.<\/p>\n<p>Asimismo, a las 11 de la ma\u00f1ana de hoy tambi\u00e9n recibe su primera dosis el ministro de salud Enrique Paniza y en las pr\u00f3ximas horas Pi\u00f1era emitir\u00e1 una rueda de prensa donde indicar\u00e1 los avances del Plan de vacunaci\u00f3n alrededor de todo el pa\u00eds.<\/p>\n<p><em>\u00a0&#8220;Junto a Silvia y Omar, reci\u00e9n vacunados en CECOSF Nontuel\u00e1.\u00a0Nos acercamos a los 2MM de vacunados y seguiremos hasta vacunar a todos.\u00a0Emociona e inspira esperanza y alegr\u00eda de vivir que mostraban los Adultos Mayores. La pr\u00f3xima semana podr\u00e1n vacunarse personas entre 65 y 70 a\u00f1os&#8221;, expres\u00f3 el mandatario mediante twitter. \u00a0 \u00a0<\/em><\/p>\n<p><em> \u00a0 \u00a0 \u00a0 \u00a0 \u00a0 \u00a0 \u00a0 \u00a0 \u00a0 \u00a0 \u00a0 \u00a0 \u00a0 \u00a0 \u00a0 \u00a0 \u00a0 \u00a0 \u00a0 \u00a0 \u00a0 \u00a0 \u00a0 \u00a0 \u00a0 \u00a0 \u00a0 \u00a0 \u00a0 \u00a0 \u00a0 \u00a0 \u00a0 \u00a0 \u00a0 \u00a0 \u00a0 \u00a0 \u00a0 \u00a0 \u00a0 \u00a0 \u00a0 \u00a0 \u00a0 \u00a0 \u00a0 \u00a0 \u00a0 \u00a0 \u00a0 \u00a0 \u00a0 \u00a0\u00a0<\/em><\/p>\n<p style=\"text-align: right\"><em>En desarrollo&#8230;<\/em><\/p>\n<p style=\"text-align: right\"><strong><em>Por: Mar\u00eda Jes\u00fas Hern\u00e1ndez<\/em><\/strong><\/p>\n<div class=\"venep-after-content venep-entity-placement\" id=\"venep-4262461540\"><div id=\"venep-744156463\"><script async src=\"https:\/\/pagead2.googlesyndication.com\/pagead\/js\/adsbygoogle.js?client=ca-pub-5862940809620110\"\r\n     crossorigin=\"anonymous\"><\/script>\r\n<ins class=\"adsbygoogle\"\r\n     style=\"display:block\"\r\n     data-ad-format=\"fluid\"\r\n     data-ad-layout-key=\"-6t+ed+2i-1n-4w\"\r\n     data-ad-client=\"ca-pub-5862940809620110\"\r\n     data-ad-slot=\"7946604715\"><\/ins>\r\n<script>\r\n     (adsbygoogle = window.adsbygoogle || []).push({});\r\n<\/script><\/div><\/div>","protected":false},"excerpt":{"rendered":"<p>A primera hora de este viernes, en el sur de Chile, el presidente Sebastian Pi\u00f1era de 71 a\u00f1os de edad, acudi\u00f3 al centro comunitario de salud familiar de Nontuel\u00e1 para&hellip; <\/p>\n","protected":false},"author":59,"featured_media":1683,"comment_status":"open","ping_status":"open","sticky":false,"template":"","format":"standard","meta":{"footnotes":""},"categories":[70],"tags":[],"class_list":["post-1681","post","type-post","status-publish","format-standard","has-post-thumbnail","hentry","category-informacion"],"_links":{"self":[{"href":"https:\/\/veneportal.com\/noticias\/wp-json\/wp\/v2\/posts\/1681","targetHints":{"allow":["GET"]}}],"collection":[{"href":"https:\/\/veneportal.com\/noticias\/wp-json\/wp\/v2\/posts"}],"about":[{"href":"https:\/\/veneportal.com\/noticias\/wp-json\/wp\/v2\/types\/post"}],"author":[{"embeddable":true,"href":"https:\/\/veneportal.com\/noticias\/wp-json\/wp\/v2\/users\/59"}],"replies":[{"embeddable":true,"href":"https:\/\/veneportal.com\/noticias\/wp-json\/wp\/v2\/comments?post=1681"}],"version-history":[{"count":2,"href":"https:\/\/veneportal.com\/noticias\/wp-json\/wp\/v2\/posts\/1681\/revisions"}],"predecessor-version":[{"id":1684,"href":"https:\/\/veneportal.com\/noticias\/wp-json\/wp\/v2\/posts\/1681\/revisions\/1684"}],"wp:featuredmedia":[{"embeddable":true,"href":"https:\/\/veneportal.com\/noticias\/wp-json\/wp\/v2\/media\/1683"}],"wp:attachment":[{"href":"https:\/\/veneportal.com\/noticias\/wp-json\/wp\/v2\/media?parent=1681"}],"wp:term":[{"taxonomy":"category","embeddable":true,"href":"https:\/\/veneportal.com\/noticias\/wp-json\/wp\/v2\/categories?post=1681"},{"taxonomy":"post_tag","embeddable":true,"href":"https:\/\/veneportal.com\/noticias\/wp-json\/wp\/v2\/tags?post=1681"}],"curies":[{"name":"wp","href":"https:\/\/api.w.org\/{rel}","templated":true}]}}