{"id":15926,"date":"2022-04-01T00:00:03","date_gmt":"2022-04-01T04:00:03","guid":{"rendered":"https:\/\/veneportal.com\/noticias\/2022\/04\/01\/bukele-pandillas-llevan-a-jovenes-a-la-carcel-o-la-muerte-2\/"},"modified":"2022-04-01T00:00:03","modified_gmt":"2022-04-01T04:00:03","slug":"bukele-pandillas-llevan-a-jovenes-a-la-carcel-o-la-muerte-2","status":"publish","type":"post","link":"https:\/\/veneportal.com\/noticias\/2022\/04\/01\/bukele-pandillas-llevan-a-jovenes-a-la-carcel-o-la-muerte-2\/","title":{"rendered":"Bukele: pandillas llevan a j\u00f3venes a &#8220;la c\u00e1rcel o la muerte&#8221;"},"content":{"rendered":"<p>El Salvador se encuentra bajo un r\u00e9gimen de excepci\u00f3n que busca frenar la ola de violencia generada por las maras.El presidente salvadore\u00f1o, Nayib Bukele, llam\u00f3 este jueves (31.03.2022) a padres de familia a que adviertan a sus hijos adolescentes de que entrar en las pandillas los llevar\u00e1 a &#8220;la c\u00e1rcel o la muerte&#8221;, un d\u00eda despu\u00e9s de que el Congreso quintuplic\u00f3 la pena m\u00e1xima de prisi\u00f3n por pertenecer a esos grupos.<\/p>\n<p>&#8220;A los padres de familia. Mu\u00e9strenles este video (de pandilleros encarcelados) a sus hijos adolescentes, expl\u00edquenles que entrar a la pandilla solo tiene 2 salidas: la c\u00e1rcel o la muerte&#8221;, indic\u00f3 el mandatario en Twitter.<\/p>\n<p>Bukele public\u00f3 en Twitter un v\u00eddeo en el que se muestran las duras condiciones de encierro que tienen actualmente los pandilleros en prisi\u00f3n, en el marco del estado de excepci\u00f3n aprobado el domingo por el Congreso a pedido del mandatario y que regir\u00e1 por un mes para frenar la violencia de esas bandas consideradas &#8220;terroristas&#8221;.<\/p>\n<p>Reos con alimentos racionados<\/p>\n<p>En las im\u00e1genes se observa a pandilleros aglomerados en celdas, sin colchones en donde dormir y se escucha la voz de uno de ellos que se queja de la disminuci\u00f3n en las raciones de comida y la falta de implementos para limpiar su lugar de encierro.<\/p>\n<p>El presidente record\u00f3 que desde que se declar\u00f3 el estado de excepci\u00f3n, &#8220;la comida es racionada&#8221; a dos tiempos de alimentaci\u00f3n para los 16.000 pandilleros presos. Las pandillas Mara Salvatrucha y Barrio 18, entre otras, tienen unos 70.000 miembros en El Salvador.<\/p>\n<p>El r\u00e9gimen de excepci\u00f3n, que implica la restricci\u00f3n de libertades civiles y la ampliaci\u00f3n de los poderes de la polic\u00eda y el ej\u00e9rcito en el control del orden p\u00fablico, fue adoptada tras una ola de violencia que dej\u00f3 87 muertos el fin de semana.<\/p>\n<p>El mi\u00e9rcoles el Parlamento, controlado por los oficialistas, reform\u00f3 el c\u00f3digo penal para aumentar de 9 a 45 a\u00f1os de prisi\u00f3n la pena m\u00e1xima por pertenecer a pandillas, en medio de una serie de reformas legales.<\/p>\n<p>jc (afp, El Mundo)<\/p>\n<div class=\"venep-after-content venep-entity-placement\" id=\"venep-952429628\"><div id=\"venep-3128582430\"><a href=\"https:\/\/www.silverstarfinancialservices.com\/\" aria-label=\"silverstar financial\"><img src=\"https:\/\/veneportal.com\/noticias\/wp-content\/uploads\/sites\/2\/2022\/06\/silverstar-financial-2.png\" alt=\"silverstar financial\"  srcset=\"https:\/\/veneportal.com\/noticias\/wp-content\/uploads\/sites\/2\/2022\/06\/silverstar-financial-2.png 1748w, https:\/\/veneportal.com\/noticias\/wp-content\/uploads\/sites\/2\/2022\/06\/silverstar-financial-2-300x213.png 300w, https:\/\/veneportal.com\/noticias\/wp-content\/uploads\/sites\/2\/2022\/06\/silverstar-financial-2-1024x726.png 1024w, https:\/\/veneportal.com\/noticias\/wp-content\/uploads\/sites\/2\/2022\/06\/silverstar-financial-2-768x545.png 768w, https:\/\/veneportal.com\/noticias\/wp-content\/uploads\/sites\/2\/2022\/06\/silverstar-financial-2-1536x1090.png 1536w, https:\/\/veneportal.com\/noticias\/wp-content\/uploads\/sites\/2\/2022\/06\/silverstar-financial-2-600x426.png 600w\" sizes=\"(max-width: 1748px) 100vw, 1748px\" width=\"559\" height=\"397\"   \/><\/a><\/div><\/div>","protected":false},"excerpt":{"rendered":"<p>El Salvador se encuentra bajo un r\u00e9gimen de excepci\u00f3n que busca frenar la ola de violencia generada por las maras.El presidente salvadore\u00f1o, Nayib Bukele, llam\u00f3 este jueves (31.03.2022) a padres&hellip; <\/p>\n","protected":false},"author":505,"featured_media":15918,"comment_status":"open","ping_status":"open","sticky":false,"template":"","format":"standard","meta":{"footnotes":""},"categories":[81],"tags":[],"class_list":["post-15926","post","type-post","status-publish","format-standard","has-post-thumbnail","hentry","category-actualidad"],"_links":{"self":[{"href":"https:\/\/veneportal.com\/noticias\/wp-json\/wp\/v2\/posts\/15926","targetHints":{"allow":["GET"]}}],"collection":[{"href":"https:\/\/veneportal.com\/noticias\/wp-json\/wp\/v2\/posts"}],"about":[{"href":"https:\/\/veneportal.com\/noticias\/wp-json\/wp\/v2\/types\/post"}],"author":[{"embeddable":true,"href":"https:\/\/veneportal.com\/noticias\/wp-json\/wp\/v2\/users\/505"}],"replies":[{"embeddable":true,"href":"https:\/\/veneportal.com\/noticias\/wp-json\/wp\/v2\/comments?post=15926"}],"version-history":[{"count":0,"href":"https:\/\/veneportal.com\/noticias\/wp-json\/wp\/v2\/posts\/15926\/revisions"}],"wp:featuredmedia":[{"embeddable":true,"href":"https:\/\/veneportal.com\/noticias\/wp-json\/wp\/v2\/media\/15918"}],"wp:attachment":[{"href":"https:\/\/veneportal.com\/noticias\/wp-json\/wp\/v2\/media?parent=15926"}],"wp:term":[{"taxonomy":"category","embeddable":true,"href":"https:\/\/veneportal.com\/noticias\/wp-json\/wp\/v2\/categories?post=15926"},{"taxonomy":"post_tag","embeddable":true,"href":"https:\/\/veneportal.com\/noticias\/wp-json\/wp\/v2\/tags?post=15926"}],"curies":[{"name":"wp","href":"https:\/\/api.w.org\/{rel}","templated":true}]}}