{"id":15923,"date":"2022-03-31T23:00:02","date_gmt":"2022-04-01T03:00:02","guid":{"rendered":"https:\/\/veneportal.com\/noticias\/2022\/03\/31\/nicaragua-la-manzana-de-la-discordia-en-la-eurocamara-2\/"},"modified":"2022-03-31T23:00:02","modified_gmt":"2022-04-01T03:00:02","slug":"nicaragua-la-manzana-de-la-discordia-en-la-eurocamara-2","status":"publish","type":"post","link":"https:\/\/veneportal.com\/noticias\/2022\/03\/31\/nicaragua-la-manzana-de-la-discordia-en-la-eurocamara-2\/","title":{"rendered":"Nicaragua, la manzana de la discordia en la Euroc\u00e1mara"},"content":{"rendered":"<p>Las elecciones de Nicaragua fueron consideradas un fraude en Bruselas, y el gobierno resultante, ileg\u00edtimo. \u00bfTodos sus representantes en gremios internacionales lo son tambi\u00e9n? Una pregunta que divide en la Euroc\u00e1mara.&#8221;No queremos sentarnos con asesinos y torturadores\u201d, afirmaba hace una semana Gabriel Mato, eurodiputado espa\u00f1ol del mayoritario bloque de derecha el marco de la Delegaci\u00f3n para la Asamblea EuroLatinoamericana (Eurolat). Ultimando los detalles de la pr\u00f3xima reuni\u00f3n de esta Asamblea, que re\u00fane a 75 diputados europeos con 75 hom\u00f3logos de diferentes parlamentos latinoamericanos, los tres representantes nicarag\u00fcenses al  Parlac\u00e9n (Parlamento Centroamericano) son la manzana de la discordia.<\/p>\n<p>Cabe recordar que las elecciones de Nicaragua y sus resultados fueron rechazadas en una resoluci\u00f3n del Parlamento Europeo, en diciembre de 2021, por 619 votos a favor, 25 en contra y 42 abstenciones. Es decir, una amplia mayor\u00eda de los 705 miembros de la Euroc\u00e1mara votaron por considerar ileg\u00edtimo el siguiente mandato de Daniel Ortega. La diplomacia europea se pronunci\u00f3 en el mismo sentido.<\/p>\n<p>Con la resoluci\u00f3n de diciembre como espada, Leopoldo L\u00f3pez Gil, eurodiputado espa\u00f1ol de origen venezolano, del Partido Popular, exige &#8220;rechazar la participaci\u00f3n nicarag\u00fcense, pues son diputados que han surgido de unas elecciones espurias\u201d, puesto que el r\u00e9gimen Ortega-Murillo fue a las elecciones sin candidatos de la oposici\u00f3n y con 150  opositores en prisi\u00f3n. <\/p>\n<p>Sin base para la exclusi\u00f3n<\/p>\n<p>No obstante, \u00bfson ileg\u00edtimos tambi\u00e9n los pol\u00edticos nicarag\u00fcenses que representan a su pa\u00eds en gremios internacionales? Con vistas a su integraci\u00f3n en las instancias conjuntas entre centroamericanos y europeos, Nicaragua divide. <\/p>\n<p>&#8220;El Servicio Legal del Parlamento Europeo ha analizado la resoluci\u00f3n del 16 de diciembre de 2021\u201d, explica a DW Tilly Metz, presidenta de la Delegaci\u00f3n para las Relaciones con Am\u00e9rica Central.<\/p>\n<p>&#8220;Afirman que ese documento no contiene ning\u00fan t\u00e9rmino que pueda ser interpretado como una decisi\u00f3n de no dejar a Nicaragua participar en la Asamblea Eurolat o en cualquier instancia similar\u201d, agrega Metz, eurodiputada luxemburguesa del bloque ecologista. Cabe recordar que, en la Euroc\u00e1mara, es en el seno de las delegaciones para las relaciones con diferentes regiones y pa\u00edses donde se fraguan la cooperaci\u00f3n, las visitas, las misiones electorales, los intercambios con la sociedad civil.<\/p>\n<p>\u00bfInjerencia en organismos regionales?<\/p>\n<p>&#8220;Los puentes que quedan hacia Nicaragua son tan pocos y d\u00e9biles que no debemos dinamitarlos\u201d, opina a nivel personal Metz, quien preside la delegaci\u00f3n que tiene que lidiar tambi\u00e9n con El Salvador, Honduras, Guatemala, Costa Rica, Panam\u00e1 y Cuba.<\/p>\n<p>El Parlacen -que integra a representantes de Nicaragua, El Salvador, Honduras, Panam\u00e1, Guatemala y Rep\u00fablica Dominicana- es uno de los cuatro parlamentos regionales miembros de Eurolat,  que acoge tambi\u00e9n a representantes de los Congresos de Chile y de M\u00e9xico. Todos los parlamentos tienen su representaci\u00f3n en la mesa directiva.<\/p>\n<p>El problema en la reuni\u00f3n de Buenos Aires (abril 11-14) va a ser que es justamente Nicaragua la que ostenta la presidencia pro tempore del Parlacen.<\/p>\n<p>\u00bfPueden los europeos excluir a los representantes, no solo de Nicaragua, sino de toda una regi\u00f3n latinoamericana? Al parecer, no; tampoco los latinoamericanos pueden decidir sobre los representantes del Parlamento Europeo.<\/p>\n<p>Como fuere, mientras unos reclaman excluir a &#8220;peleles\u201d del gobierno de Daniel Ortega, otros abogan por la firmeza en el rechazo al fraude, y algunos recuerdan la importancia de no herir sensibilidades en un espacio birregional como Eurolat, adviertiendo de dar portazos. &#8220;Ser\u00eda una injerencia en gremios centroamericanos. Ser\u00eda castigar a otros pa\u00edses, y eso no es nuestro objetivo ni nuestra competencia\u201d, concluye Metz.<\/p>\n<p>(cp)<\/p>\n<div class=\"venep-after-content venep-entity-placement\" id=\"venep-417897395\"><div id=\"venep-2190891092\"><script async src=\"https:\/\/pagead2.googlesyndication.com\/pagead\/js\/adsbygoogle.js?client=ca-pub-5862940809620110\"\r\n     crossorigin=\"anonymous\"><\/script>\r\n<ins class=\"adsbygoogle\"\r\n     style=\"display:block\"\r\n     data-ad-format=\"fluid\"\r\n     data-ad-layout-key=\"-6t+ed+2i-1n-4w\"\r\n     data-ad-client=\"ca-pub-5862940809620110\"\r\n     data-ad-slot=\"7946604715\"><\/ins>\r\n<script>\r\n     (adsbygoogle = window.adsbygoogle || []).push({});\r\n<\/script><\/div><\/div>","protected":false},"excerpt":{"rendered":"<p>Las elecciones de Nicaragua fueron consideradas un fraude en Bruselas, y el gobierno resultante, ileg\u00edtimo. \u00bfTodos sus representantes en gremios internacionales lo son tambi\u00e9n? Una pregunta que divide en la&hellip; <\/p>\n","protected":false},"author":505,"featured_media":7215,"comment_status":"open","ping_status":"open","sticky":false,"template":"","format":"standard","meta":{"footnotes":""},"categories":[84],"tags":[],"class_list":["post-15923","post","type-post","status-publish","format-standard","has-post-thumbnail","hentry","category-america-latina"],"_links":{"self":[{"href":"https:\/\/veneportal.com\/noticias\/wp-json\/wp\/v2\/posts\/15923","targetHints":{"allow":["GET"]}}],"collection":[{"href":"https:\/\/veneportal.com\/noticias\/wp-json\/wp\/v2\/posts"}],"about":[{"href":"https:\/\/veneportal.com\/noticias\/wp-json\/wp\/v2\/types\/post"}],"author":[{"embeddable":true,"href":"https:\/\/veneportal.com\/noticias\/wp-json\/wp\/v2\/users\/505"}],"replies":[{"embeddable":true,"href":"https:\/\/veneportal.com\/noticias\/wp-json\/wp\/v2\/comments?post=15923"}],"version-history":[{"count":0,"href":"https:\/\/veneportal.com\/noticias\/wp-json\/wp\/v2\/posts\/15923\/revisions"}],"wp:featuredmedia":[{"embeddable":true,"href":"https:\/\/veneportal.com\/noticias\/wp-json\/wp\/v2\/media\/7215"}],"wp:attachment":[{"href":"https:\/\/veneportal.com\/noticias\/wp-json\/wp\/v2\/media?parent=15923"}],"wp:term":[{"taxonomy":"category","embeddable":true,"href":"https:\/\/veneportal.com\/noticias\/wp-json\/wp\/v2\/categories?post=15923"},{"taxonomy":"post_tag","embeddable":true,"href":"https:\/\/veneportal.com\/noticias\/wp-json\/wp\/v2\/tags?post=15923"}],"curies":[{"name":"wp","href":"https:\/\/api.w.org\/{rel}","templated":true}]}}