{"id":15913,"date":"2022-03-31T18:02:02","date_gmt":"2022-03-31T22:02:02","guid":{"rendered":"https:\/\/veneportal.com\/noticias\/2022\/03\/31\/la-fiscalia-de-la-corte-penal-internacional-abrira-oficina-en-venezuela\/"},"modified":"2022-03-31T18:02:02","modified_gmt":"2022-03-31T22:02:02","slug":"la-fiscalia-de-la-corte-penal-internacional-abrira-oficina-en-venezuela","status":"publish","type":"post","link":"https:\/\/veneportal.com\/noticias\/2022\/03\/31\/la-fiscalia-de-la-corte-penal-internacional-abrira-oficina-en-venezuela\/","title":{"rendered":"La Fiscal\u00eda de la Corte Penal Internacional abrir\u00e1 oficina en Venezuela"},"content":{"rendered":"<p>Se\u00f1al\u00f3 el fiscal de la CPI, Karim Khan, luego de que el pasado noviembre decidiera abrir una investigaci\u00f3n al pa\u00eds caribe\u00f1o para valorar si se produjeron cr\u00edmenes de lesa humanidad como lo denuncia la oposici\u00f3n.De acuerdo con Karim Khan, fiscal de la Corte Penal Internacional (CPI) con sede en la Haya, Pa\u00edses Bajos, el organismo que lidera abrir\u00e1 una oficina en Venezuela, dijo este jueves (31.03.2022) en Caracas.<\/p>\n<p>El anuncio llega tras un acuerdo alcanzado con el presidente Nicol\u00e1s Maduro, con quien se reuni\u00f3 en privado esta semana, en la que viaj\u00f3 al pa\u00eds caribe\u00f1o tras ser invitado por el Gobierno. <\/p>\n<p>Khan, cuya visita no fue anunciada a los medios, compareci\u00f3 ante la televisi\u00f3n p\u00fablica VTV para comunicar los avances en la relaci\u00f3n con Venezuela, desde que el pasado noviembre decidiera abrir una investigaci\u00f3n al pa\u00eds caribe\u00f1o para valorar si se produjeron cr\u00edmenes de lesa humanidad, tal y como denuncia la oposici\u00f3n y diversas organizaciones. <\/p>\n<p>&#8220;A lo largo de estos \u00faltimos tres d\u00edas (&#8230;) las partes han acordado se\u00f1or presidente, que mi Fiscal\u00eda podr\u00e1 abrir una oficina aqu\u00ed en Caracas, es un paso muy importante, muy significativo, no es algo de cara a la galer\u00eda, es algo concreto que va a permitir cumplir con las responsabilidades de conformidad con el Estatuto de Roma y comprometerme con las autoridades venezolanas aqu\u00ed&#8221;, se\u00f1al\u00f3 Khan.<\/p>\n<p>Por su parte, Maduro se\u00f1al\u00f3 que con la apertura de la oficina en Venezuela se podr\u00e1 tener un &#8220;nivel de di\u00e1logo efectivo, en tiempo real, m\u00e1s eficiente y un nivel de asistencia t\u00e9cnica que permita que el memorando de entendimiento de noviembre siga su curso&#8221;. <\/p>\n<p>ee \/\/ efe \/ reuters<\/p>\n<div class=\"venep-after-content venep-entity-placement\" id=\"venep-4011341140\"><div id=\"venep-12521193\"><script async src=\"https:\/\/pagead2.googlesyndication.com\/pagead\/js\/adsbygoogle.js?client=ca-pub-5862940809620110\"\r\n     crossorigin=\"anonymous\"><\/script>\r\n<ins class=\"adsbygoogle\"\r\n     style=\"display:block\"\r\n     data-ad-format=\"fluid\"\r\n     data-ad-layout-key=\"-6t+ed+2i-1n-4w\"\r\n     data-ad-client=\"ca-pub-5862940809620110\"\r\n     data-ad-slot=\"7946604715\"><\/ins>\r\n<script>\r\n     (adsbygoogle = window.adsbygoogle || []).push({});\r\n<\/script><\/div><\/div>","protected":false},"excerpt":{"rendered":"<p>Se\u00f1al\u00f3 el fiscal de la CPI, Karim Khan, luego de que el pasado noviembre decidiera abrir una investigaci\u00f3n al pa\u00eds caribe\u00f1o para valorar si se produjeron cr\u00edmenes de lesa humanidad&hellip; <\/p>\n","protected":false},"author":505,"featured_media":7217,"comment_status":"open","ping_status":"open","sticky":false,"template":"","format":"standard","meta":{"footnotes":""},"categories":[81],"tags":[],"class_list":["post-15913","post","type-post","status-publish","format-standard","has-post-thumbnail","hentry","category-actualidad"],"_links":{"self":[{"href":"https:\/\/veneportal.com\/noticias\/wp-json\/wp\/v2\/posts\/15913","targetHints":{"allow":["GET"]}}],"collection":[{"href":"https:\/\/veneportal.com\/noticias\/wp-json\/wp\/v2\/posts"}],"about":[{"href":"https:\/\/veneportal.com\/noticias\/wp-json\/wp\/v2\/types\/post"}],"author":[{"embeddable":true,"href":"https:\/\/veneportal.com\/noticias\/wp-json\/wp\/v2\/users\/505"}],"replies":[{"embeddable":true,"href":"https:\/\/veneportal.com\/noticias\/wp-json\/wp\/v2\/comments?post=15913"}],"version-history":[{"count":0,"href":"https:\/\/veneportal.com\/noticias\/wp-json\/wp\/v2\/posts\/15913\/revisions"}],"wp:featuredmedia":[{"embeddable":true,"href":"https:\/\/veneportal.com\/noticias\/wp-json\/wp\/v2\/media\/7217"}],"wp:attachment":[{"href":"https:\/\/veneportal.com\/noticias\/wp-json\/wp\/v2\/media?parent=15913"}],"wp:term":[{"taxonomy":"category","embeddable":true,"href":"https:\/\/veneportal.com\/noticias\/wp-json\/wp\/v2\/categories?post=15913"},{"taxonomy":"post_tag","embeddable":true,"href":"https:\/\/veneportal.com\/noticias\/wp-json\/wp\/v2\/tags?post=15913"}],"curies":[{"name":"wp","href":"https:\/\/api.w.org\/{rel}","templated":true}]}}