{"id":14165,"date":"2022-03-12T00:00:04","date_gmt":"2022-03-12T05:00:04","guid":{"rendered":"https:\/\/veneportal.com\/noticias\/2022\/03\/12\/la-ue-descarta-una-adhesion-rapida-de-ucrania\/"},"modified":"2022-03-12T00:00:04","modified_gmt":"2022-03-12T05:00:04","slug":"la-ue-descarta-una-adhesion-rapida-de-ucrania","status":"publish","type":"post","link":"https:\/\/veneportal.com\/noticias\/2022\/03\/12\/la-ue-descarta-una-adhesion-rapida-de-ucrania\/","title":{"rendered":"La UE descarta una adhesi\u00f3n r\u00e1pida de Ucrania"},"content":{"rendered":"<p>Los l\u00edderes de la Uni\u00f3n Europea descartaron este viernes (11.03.2022), al t\u00e9rmino de una cumbre de dos d\u00edas en Versalles (Francia), una adhesi\u00f3n r\u00e1pida de Ucrania, como ha pedido su presidente, Volodimir Zelenski. &#8220;Debemos mostrar un gran respeto por los ciudadanos y los l\u00edderes ucranianos. Puedo entender la respuesta emocional y las expectativas. Ayer la UE dio un fuerte y claro mensaje de que el destino de Ucrania est\u00e1 en Europa&#8221;, dijo en una rueda de prensa el presidente franc\u00e9s, Emmanuel Macron, al t\u00e9rmino de la reuni\u00f3n.<\/p>\n<p>&#8220;Pero \u00bfpodemos tener medidas excepcionales con un pa\u00eds que est\u00e1 en guerra? La respuesta es no&#8221;, sentenci\u00f3. El presidente franc\u00e9s afirm\u00f3 que &#8220;con la situaci\u00f3n geopol\u00edtica y el tr\u00e1gico retorno de la guerra (&#8230;) tenemos que pensar en c\u00f3mo queremos organizar una Europa m\u00e1s grande, que no es necesariamente una Europa con las mismas pol\u00edticas que tenemos otros pa\u00edses en la UE&#8221;.<\/p>\n<p>En el mismo sentido se expres\u00f3 la presidenta de la Comisi\u00f3n Europea, Ursula von der Leyen, en la misma rueda de prensa y asegur\u00f3 que &#8220;hay condiciones para formar parte de la UE&#8221;. Los pa\u00edses de la UE han pedido esta semana a la Comisi\u00f3n que eval\u00fae las candidaturas de Ucrania, Moldavia y Georgia, para ver si cumplen los criterios de Copenhague: el respeto a los valores fundamentales de la Uni\u00f3n Europea, la existencia de instituciones que garanticen la democracia y una econom\u00eda de mercado.<\/p>\n<p>&#8220;Una mayor\u00eda [de pa\u00edses] abogaba por un mensaje pol\u00edtico fuerte garantizando una adhesi\u00f3n a la UE&#8221;, incluso aunque esto no fuera &#8220;para ma\u00f1ana por supuesto&#8221;, lament\u00f3 el primer ministro esloveno, Janez Jansa. &#8220;Ucrania forma parte de nuestra familia europea&#8221;, reza simplemente la Declaraci\u00f3n de Versalles, que apuesta por la &#8220;consolidaci\u00f3n&#8221; del acuerdo de cooperaci\u00f3n firmado entre Kiev y la UE en 2014. (efe\/afp)<\/p>\n<div class=\"venep-after-content venep-entity-placement\" id=\"venep-1436596142\"><div id=\"venep-1893889780\"><a href=\"https:\/\/veneportal.com\/precios-publicidad-para-mi-negocio\/#premium\" aria-label=\"300&#215;250 Banners your door to the hispanic market\"><img src=\"https:\/\/veneportal.com\/noticias\/wp-content\/uploads\/sites\/2\/2021\/03\/300x250-Banners-your-door-to-the-hispanic-market.png\" alt=\"\"  srcset=\"https:\/\/veneportal.com\/noticias\/wp-content\/uploads\/sites\/2\/2021\/03\/300x250-Banners-your-door-to-the-hispanic-market.png 900w, https:\/\/veneportal.com\/noticias\/wp-content\/uploads\/sites\/2\/2021\/03\/300x250-Banners-your-door-to-the-hispanic-market-300x250.png 300w, https:\/\/veneportal.com\/noticias\/wp-content\/uploads\/sites\/2\/2021\/03\/300x250-Banners-your-door-to-the-hispanic-market-768x640.png 768w, https:\/\/veneportal.com\/noticias\/wp-content\/uploads\/sites\/2\/2021\/03\/300x250-Banners-your-door-to-the-hispanic-market-600x500.png 600w\" sizes=\"(max-width: 900px) 100vw, 900px\" width=\"600\" height=\"400\"   \/><\/a><\/div><\/div>","protected":false},"excerpt":{"rendered":"<p>Los l\u00edderes de la Uni\u00f3n Europea descartaron este viernes (11.03.2022), al t\u00e9rmino de una cumbre de dos d\u00edas en Versalles (Francia), una adhesi\u00f3n r\u00e1pida de Ucrania, como ha pedido su&hellip; <\/p>\n","protected":false},"author":505,"featured_media":14166,"comment_status":"open","ping_status":"open","sticky":false,"template":"","format":"standard","meta":{"footnotes":""},"categories":[85],"tags":[],"class_list":["post-14165","post","type-post","status-publish","format-standard","has-post-thumbnail","hentry","category-politica"],"_links":{"self":[{"href":"https:\/\/veneportal.com\/noticias\/wp-json\/wp\/v2\/posts\/14165","targetHints":{"allow":["GET"]}}],"collection":[{"href":"https:\/\/veneportal.com\/noticias\/wp-json\/wp\/v2\/posts"}],"about":[{"href":"https:\/\/veneportal.com\/noticias\/wp-json\/wp\/v2\/types\/post"}],"author":[{"embeddable":true,"href":"https:\/\/veneportal.com\/noticias\/wp-json\/wp\/v2\/users\/505"}],"replies":[{"embeddable":true,"href":"https:\/\/veneportal.com\/noticias\/wp-json\/wp\/v2\/comments?post=14165"}],"version-history":[{"count":0,"href":"https:\/\/veneportal.com\/noticias\/wp-json\/wp\/v2\/posts\/14165\/revisions"}],"wp:featuredmedia":[{"embeddable":true,"href":"https:\/\/veneportal.com\/noticias\/wp-json\/wp\/v2\/media\/14166"}],"wp:attachment":[{"href":"https:\/\/veneportal.com\/noticias\/wp-json\/wp\/v2\/media?parent=14165"}],"wp:term":[{"taxonomy":"category","embeddable":true,"href":"https:\/\/veneportal.com\/noticias\/wp-json\/wp\/v2\/categories?post=14165"},{"taxonomy":"post_tag","embeddable":true,"href":"https:\/\/veneportal.com\/noticias\/wp-json\/wp\/v2\/tags?post=14165"}],"curies":[{"name":"wp","href":"https:\/\/api.w.org\/{rel}","templated":true}]}}