{"id":14147,"date":"2022-03-12T00:00:04","date_gmt":"2022-03-12T05:00:04","guid":{"rendered":"https:\/\/veneportal.com\/noticias\/2022\/03\/12\/kamala-harris-reafirma-el-compromiso-estadounidense-con-rumania-y-polonia\/"},"modified":"2022-03-12T00:00:04","modified_gmt":"2022-03-12T05:00:04","slug":"kamala-harris-reafirma-el-compromiso-estadounidense-con-rumania-y-polonia","status":"publish","type":"post","link":"https:\/\/veneportal.com\/noticias\/2022\/03\/12\/kamala-harris-reafirma-el-compromiso-estadounidense-con-rumania-y-polonia\/","title":{"rendered":"Kamala Harris reafirma el compromiso estadounidense con Ruman\u00eda y Polonia"},"content":{"rendered":"<p>La vicepresidenta de EE.\u00a0UU. se supon\u00eda que deb\u00eda haber acudido hoy a la toma de posesi\u00f3n de Gabriel Boric en Chile, pero ante la guerra lanzada por Rusia en Ucrania visit\u00f3 pa\u00edses de la OTAN fronterizos con el pa\u00eds.La vicepresidenta estadounidense, Kamala Harris, elogi\u00f3 este viernes (11.03.2022) la respuesta humanitaria de Ruman\u00eda a la crisis de refugiados provocada por la guerra en Ucrania durante una visita a Bucarest. &#8220;Me gustar\u00eda hablar un momento directamente con los rumanos, para agradecerles en nombre de Estados Unidos&#8221;, dijo Harris tras una reuni\u00f3n con el presidente rumano, Klaus Iohannis. &#8220;Ruman\u00eda ha sido extraordinaria en la generosidad y el coraje que ha demostrado&#8221;, a\u00f1adi\u00f3.<\/p>\n<p>Harris reafirm\u00f3 all\u00ed su promesa de que la OTAN &#8220;defender\u00e1 cada cent\u00edmetro de su territorio&#8221; y defender\u00e1 a cualquier Estado miembro en caso de que sufra un ataque. &#8220;Nuestro compromiso con el art\u00edculo 5 es firme y absoluto&#8221;, dijo Harris en referencia al art\u00edculo de Tratado de la OTAN que dice que cualquier ataque contra un miembro de la Alianza ser\u00e1 tratado como un ataque contra su territorio por todos los dem\u00e1s miembros.<\/p>\n<p>La videpresidenta estadounidense viaj\u00f3 a Bucarest como escala final de una mini-gira que ayer la llev\u00f3 a Polonia y ha servido para mostrar el apoyo de Estados Unidos a los dos pa\u00edses de la OTAN que tienen las fronteras m\u00e1s extensas con Ucrania. &#8220;Nos lo tomamos muy en serio y estamos preparados para actuar&#8221;, a\u00f1adi\u00f3 la representante de la Casa Blanca sobre la eventualidad de un ataque de Rusia a Ruman\u00eda, pa\u00eds que comparte m\u00e1s de 650 kil\u00f3metros de frontera con Ucrania.<\/p>\n<p>Agreg\u00f3 que Washington estaba al tanto de los &#8220;desaf\u00edos particulares&#8221; que enfrenta el pa\u00eds. Ruman\u00eda es una tierra de tr\u00e1nsito para las decenas de miles de personas que huyen de Ucrania a diario. Voluntarios privados y autoridades locales han brindado asistencia, alimentos y alojamiento temporal. Durante su visita, Harris convers\u00f3 con Iohannis, as\u00ed como con el primer ministro, Nicolae Ciuca, y otros miembros del gobierno de Bucarest, centr\u00e1ndose en los desaf\u00edos de seguridad presentados por la invasi\u00f3n rusa de la vecina Ucrania.<\/p>\n<p>Harris record\u00f3 que su Administraci\u00f3n envi\u00f3 a Ruman\u00eda un millar de soldados que se sumaron a los m\u00e1s de mil que Estados Unidos ya ten\u00eda desplegados en la base a\u00e9rea rumana de Mihail Kogalniceanu, situada a orillas del Mar Negro, que es la mayor infraestructura de la OTAN en el sureste de Europa. Y se mostr\u00f3 dispuesta a reforzar esa presencia militar en funci\u00f3n de c\u00f3mo se desarrollen los acontecimientos en Ucrania.<\/p>\n<p>Iohannis dijo por su parte que &#8220;la OTAN actuar\u00e1 sin vacilaciones para defender a todos y cada uno de los Estados aliados, incluso Ruman\u00eda&#8221;. Y asegur\u00f3 que su pa\u00eds nunca antes hab\u00eda disfrutado de unas &#8220;garant\u00edas de seguridad&#8221; tan s\u00f3lidas como las que le ofrece su pertenencia a la Alianza. Iohannis neg\u00f3, sin embargo, que existan signos que apunten a una agresi\u00f3n contra Ruman\u00eda por parte de Rusia.<\/p>\n<p>lgc (dpa\/efe)<\/p>\n<div class=\"venep-after-content venep-entity-placement\" id=\"venep-3990539296\"><div id=\"venep-2776561559\"><script async src=\"https:\/\/pagead2.googlesyndication.com\/pagead\/js\/adsbygoogle.js?client=ca-pub-5862940809620110\"\r\n     crossorigin=\"anonymous\"><\/script>\r\n<ins class=\"adsbygoogle\"\r\n     style=\"display:block\"\r\n     data-ad-format=\"fluid\"\r\n     data-ad-layout-key=\"-6t+ed+2i-1n-4w\"\r\n     data-ad-client=\"ca-pub-5862940809620110\"\r\n     data-ad-slot=\"7946604715\"><\/ins>\r\n<script>\r\n     (adsbygoogle = window.adsbygoogle || []).push({});\r\n<\/script><\/div><\/div>","protected":false},"excerpt":{"rendered":"<p>La vicepresidenta de EE.\u00a0UU. se supon\u00eda que deb\u00eda haber acudido hoy a la toma de posesi\u00f3n de Gabriel Boric en Chile, pero ante la guerra lanzada por Rusia en Ucrania&hellip; <\/p>\n","protected":false},"author":505,"featured_media":14148,"comment_status":"open","ping_status":"open","sticky":false,"template":"","format":"standard","meta":{"footnotes":""},"categories":[85],"tags":[],"class_list":["post-14147","post","type-post","status-publish","format-standard","has-post-thumbnail","hentry","category-politica"],"_links":{"self":[{"href":"https:\/\/veneportal.com\/noticias\/wp-json\/wp\/v2\/posts\/14147","targetHints":{"allow":["GET"]}}],"collection":[{"href":"https:\/\/veneportal.com\/noticias\/wp-json\/wp\/v2\/posts"}],"about":[{"href":"https:\/\/veneportal.com\/noticias\/wp-json\/wp\/v2\/types\/post"}],"author":[{"embeddable":true,"href":"https:\/\/veneportal.com\/noticias\/wp-json\/wp\/v2\/users\/505"}],"replies":[{"embeddable":true,"href":"https:\/\/veneportal.com\/noticias\/wp-json\/wp\/v2\/comments?post=14147"}],"version-history":[{"count":0,"href":"https:\/\/veneportal.com\/noticias\/wp-json\/wp\/v2\/posts\/14147\/revisions"}],"wp:featuredmedia":[{"embeddable":true,"href":"https:\/\/veneportal.com\/noticias\/wp-json\/wp\/v2\/media\/14148"}],"wp:attachment":[{"href":"https:\/\/veneportal.com\/noticias\/wp-json\/wp\/v2\/media?parent=14147"}],"wp:term":[{"taxonomy":"category","embeddable":true,"href":"https:\/\/veneportal.com\/noticias\/wp-json\/wp\/v2\/categories?post=14147"},{"taxonomy":"post_tag","embeddable":true,"href":"https:\/\/veneportal.com\/noticias\/wp-json\/wp\/v2\/tags?post=14147"}],"curies":[{"name":"wp","href":"https:\/\/api.w.org\/{rel}","templated":true}]}}