{"id":12655,"date":"2022-02-25T12:02:02","date_gmt":"2022-02-25T17:02:02","guid":{"rendered":"https:\/\/veneportal.com\/noticias\/2022\/02\/25\/asesinan-al-periodista-mexicano-jorge-camero-en-sonora-el-sexto-en-2022\/"},"modified":"2022-02-25T12:02:02","modified_gmt":"2022-02-25T17:02:02","slug":"asesinan-al-periodista-mexicano-jorge-camero-en-sonora-el-sexto-en-2022","status":"publish","type":"post","link":"https:\/\/veneportal.com\/noticias\/2022\/02\/25\/asesinan-al-periodista-mexicano-jorge-camero-en-sonora-el-sexto-en-2022\/","title":{"rendered":"Asesinan al periodista mexicano Jorge Camero en Sonora, el sexto en 2022"},"content":{"rendered":"<p>El periodista Jorge Camero fue baleado el jueves en una localidad del norte de M\u00e9xico, y es el sexto comunicador asesinado en el pa\u00eds en dos meses, que han sido considerados los m\u00e1s violentos para la prensa mexicana.Camero, quien dirig\u00eda el portal de noticias &#8220;El Informativo\u201d, recibi\u00f3 varios disparos con un arma de fuego el jueves (24.02.2022) cuando se encontraba dentro de un gimnasio en la colonia Libertad del municipio Empalme, en el estado norte\u00f1o de Sonora, anunci\u00f3 la Fiscal\u00eda General estatal. En el lugar se recolectaron ocho casquillos de bala calibre 9 mil\u00edmetros.<\/p>\n<p>El periodista se hab\u00eda desempe\u00f1ado hasta hace unos d\u00edas como secretario particular del alcalde del municipio de Empalme, cargo que dej\u00f3 para retomar su actividad en el portal de noticias, se\u00f1alaron medios locales.<\/p>\n<p>La Fiscal\u00eda indic\u00f3 en su cuenta de Twitter que Camero hab\u00eda solicitado una licencia al ayuntamiento el 9 de febrero luego que se difundiese en las redes sociales un video en el que se le se\u00f1alaba por participar en una estructura criminal, situaci\u00f3n que estaba siendo investigada por las autoridades.<\/p>\n<p>En los primeros dos meses del a\u00f1o, otros cinco comunicadores han sido asesinados, una situaci\u00f3n que ha desatado protestas en varias ciudades de M\u00e9xico y reacciones de rechazo de diferentes organizaciones de defensa de los derechos de los periodistas.<\/p>\n<p>El secretario de Estado de Estados Unidos, Antony Blinken, expres\u00f3 esta semana preocupaci\u00f3n por los asesinatos de reporteros, lo que llev\u00f3 al presidente, Andr\u00e9s Manuel L\u00f3pez Obrador, a afirmar que el alto funcionario estaba desinformado.<\/p>\n<p>L\u00f3pez Obrador pareci\u00f3 tomar el comentario como una cr\u00edtica a los esfuerzos de M\u00e9xico para investigar esos cr\u00edmenes y proteger a los periodistas, un grupo con el que se ha estado peleando en las \u00faltimas semanas.<\/p>\n<p>Tras las declaraciones del mandatario, el secretario de Relaciones Exteriores, Marcelo Ebrard, difundi\u00f3 una carta que le envi\u00f3 a su hom\u00f3logo estadounidense en la que le hizo notar que los casos de los periodistas asesinados se encuentran bajo indagaci\u00f3n por parte de las autoridades locales y federales, y que se trabaja para garantizar que no haya impunidad.<\/p>\n<p>Al referirse a los avances en estos casos, Ebrard dijo que se ha detenido y procesado a seis personas presuntamente involucradas en tres de los cinco homicidios.<\/p>\n<p>Jos\u00e9 Luis Gamboa, director de un portal de internet, muri\u00f3 a comienzos de enero a consecuencia de una herida con arma blanca en el estado de Veracruz, con litoral en el Golfo de M\u00e9xico. Pocos d\u00edas despu\u00e9s fueron baleados el fot\u00f3grafo independiente Margarito Mart\u00ednez y la periodista Lourdes Maldonado en la ciudad fronteriza de Tijuana, el 17 y 23 enero, respectivamente. A finales de ese mes, Roberto Toledo, colaborador del portal de noticias Monitor Michoac\u00e1n, falleci\u00f3 tras recibir varios disparos en la ciudad de Zit\u00e1cuaro, en el estado occidental de Michoac\u00e1n.<\/p>\n<p>El 10 de febrero fue asesinado Heber L\u00f3pez, director del portal Noticias Web, en la localidad portuaria de Salina Cruz, en el estado sure\u00f1o de Oaxaca.<\/p>\n<p>M\u00e9xico es el pa\u00eds m\u00e1s violento del hemisferio occidental para el ejercicio del periodismo, seg\u00fan el Comit\u00e9 para la Protecci\u00f3n de los Periodistas, un organismo activista de protecci\u00f3n a la prensa con sede en Nueva York. De acuerdo con sus datos, nueve periodistas fueron asesinados en todo 2021 en el pa\u00eds.<\/p>\n<p>La dificultad para esclarecer los homicidios de reporteros y activistas es un grave problema en M\u00e9xico, seg\u00fan reconoci\u00f3 el subsecretario de Derechos Humanos, Poblaci\u00f3n y Migraci\u00f3n de la Secretar\u00eda de Gobernaci\u00f3n, Alejandro Encinas, quien en diciembre admiti\u00f3 que la impunidad en esos casos supera el 90%.<\/p>\n<p>CP (ap, El Universal)<\/p>\n<div class=\"venep-after-content venep-entity-placement\" id=\"venep-2354933411\"><div id=\"venep-3650867396\"><a href=\"https:\/\/www.silverstarfinancialservices.com\/\" aria-label=\"silverstar financial\"><img src=\"https:\/\/veneportal.com\/noticias\/wp-content\/uploads\/sites\/2\/2022\/06\/silverstar-financial-2.png\" alt=\"silverstar financial\"  srcset=\"https:\/\/veneportal.com\/noticias\/wp-content\/uploads\/sites\/2\/2022\/06\/silverstar-financial-2.png 1748w, https:\/\/veneportal.com\/noticias\/wp-content\/uploads\/sites\/2\/2022\/06\/silverstar-financial-2-300x213.png 300w, https:\/\/veneportal.com\/noticias\/wp-content\/uploads\/sites\/2\/2022\/06\/silverstar-financial-2-1024x726.png 1024w, https:\/\/veneportal.com\/noticias\/wp-content\/uploads\/sites\/2\/2022\/06\/silverstar-financial-2-768x545.png 768w, https:\/\/veneportal.com\/noticias\/wp-content\/uploads\/sites\/2\/2022\/06\/silverstar-financial-2-1536x1090.png 1536w, https:\/\/veneportal.com\/noticias\/wp-content\/uploads\/sites\/2\/2022\/06\/silverstar-financial-2-600x426.png 600w\" sizes=\"(max-width: 1748px) 100vw, 1748px\" width=\"559\" height=\"397\"   \/><\/a><\/div><\/div>","protected":false},"excerpt":{"rendered":"<p>El periodista Jorge Camero fue baleado el jueves en una localidad del norte de M\u00e9xico, y es el sexto comunicador asesinado en el pa\u00eds en dos meses, que han sido&hellip; <\/p>\n","protected":false},"author":505,"featured_media":11216,"comment_status":"open","ping_status":"open","sticky":false,"template":"","format":"standard","meta":{"footnotes":""},"categories":[81],"tags":[],"class_list":["post-12655","post","type-post","status-publish","format-standard","has-post-thumbnail","hentry","category-actualidad"],"_links":{"self":[{"href":"https:\/\/veneportal.com\/noticias\/wp-json\/wp\/v2\/posts\/12655","targetHints":{"allow":["GET"]}}],"collection":[{"href":"https:\/\/veneportal.com\/noticias\/wp-json\/wp\/v2\/posts"}],"about":[{"href":"https:\/\/veneportal.com\/noticias\/wp-json\/wp\/v2\/types\/post"}],"author":[{"embeddable":true,"href":"https:\/\/veneportal.com\/noticias\/wp-json\/wp\/v2\/users\/505"}],"replies":[{"embeddable":true,"href":"https:\/\/veneportal.com\/noticias\/wp-json\/wp\/v2\/comments?post=12655"}],"version-history":[{"count":0,"href":"https:\/\/veneportal.com\/noticias\/wp-json\/wp\/v2\/posts\/12655\/revisions"}],"wp:featuredmedia":[{"embeddable":true,"href":"https:\/\/veneportal.com\/noticias\/wp-json\/wp\/v2\/media\/11216"}],"wp:attachment":[{"href":"https:\/\/veneportal.com\/noticias\/wp-json\/wp\/v2\/media?parent=12655"}],"wp:term":[{"taxonomy":"category","embeddable":true,"href":"https:\/\/veneportal.com\/noticias\/wp-json\/wp\/v2\/categories?post=12655"},{"taxonomy":"post_tag","embeddable":true,"href":"https:\/\/veneportal.com\/noticias\/wp-json\/wp\/v2\/tags?post=12655"}],"curies":[{"name":"wp","href":"https:\/\/api.w.org\/{rel}","templated":true}]}}