{"id":12095,"date":"2022-02-19T05:00:02","date_gmt":"2022-02-19T10:00:02","guid":{"rendered":"https:\/\/veneportal.com\/noticias\/2022\/02\/19\/bolivia-juez-cambia-decision-sobre-traslado-de-anez-al-hospital\/"},"modified":"2022-02-19T05:00:02","modified_gmt":"2022-02-19T10:00:02","slug":"bolivia-juez-cambia-decision-sobre-traslado-de-anez-al-hospital","status":"publish","type":"post","link":"https:\/\/veneportal.com\/noticias\/2022\/02\/19\/bolivia-juez-cambia-decision-sobre-traslado-de-anez-al-hospital\/","title":{"rendered":"Bolivia: juez cambia decisi\u00f3n sobre traslado de \u00c1\u00f1ez al hospital"},"content":{"rendered":"<p>La expresidenta interina de Bolivia que est\u00e1 en huelga de hambre deber\u00e1 permanecer en la c\u00e1rcel, donde ser\u00e1 tratada por m\u00e9dicos del penal.Un juez del Tribunal de Justicia de La Paz modific\u00f3 la decisi\u00f3n en la que declaraba procedente la acci\u00f3n de libertad a favor de la exmandataria interina de Bolivia Jeanine \u00c1\u00f1ez para que fuera trasladada a un hospital y dispuso que reciba la atenci\u00f3n m\u00e9dica dentro del penal, en donde mantiene una huelga de hambre hace diez d\u00edas.<\/p>\n<p>El juez Franklin Si\u00f1ani hab\u00eda ordenado que la gobernadora de la c\u00e1rcel en la que se encuentra desde hace once meses \u00c1\u00f1ez en detenci\u00f3n preventiva &#8220;deb\u00eda disponer el traslado&#8221; al Hospital de Cl\u00ednicas de La Paz &#8220;hasta que se restablezca la salud&#8221;.<\/p>\n<p>&#8220;Tomando en cuenta la urgencia que amerita el caso, la gobernadora del Centro de Orientaci\u00f3n Femenina de Miraflores debe instruir y efectivizar que los m\u00e9dicos de dicho centro penitenciario, a\u00fan en contra de la voluntad de la accionante, sin mayor demora, inicien inmediatamente el tratamiento de rehidrataci\u00f3n u otros que sean requeridos&#8221;, se\u00f1ala la nueva determinaci\u00f3n del juez.<\/p>\n<p>Tensi\u00f3n en las puertas del penal<\/p>\n<p>El cambio de decisi\u00f3n se debi\u00f3 al parecer porque la gobernadora de la prisi\u00f3n se declar\u00f3 impedida de poder cumplir con el traslado de A\u00f1ez, ya que a las afueras de la c\u00e1rcel hubo enfrentamientos entre seguidores de la exmandataria interina que realizaban una vigilia por su libertad y grupos afines al gobierno.<\/p>\n<p>Durante unos minutos ambos bandos intercambiaron insultos hasta que desde el lado oficialista comenz\u00f3 una lluvia de huevos contra los integrantes de la vigilia que apoyaba a \u00c1\u00f1ez, hasta que al final consiguieron que se fueran.<\/p>\n<p>De inmediato, un grupo destruy\u00f3 la carpa en la que estaban resguardados los seguidores de la exmandataria interina y la arrastraron varios metros para finalmente prender fuego al armaz\u00f3n y los carteles que ped\u00edan &#8220;justicia y libertad&#8221; para \u00c1\u00f1ez.<\/p>\n<p>En tanto, Carolina Ribera, la hija de \u00c1\u00f1ez, denunci\u00f3 en una rueda de prensa que las propias autoridades carcelarias le dijeron que su &#8220;madre no iba a salir de ah\u00ed&#8221;, momentos antes de que fuera expulsada a &#8220;empujones&#8221; de la c\u00e1rcel en la que est\u00e1 la exmandataria.<\/p>\n<p>Desde las afueras de la c\u00e1rcel Norka Cuellar, una de las abogadas de \u00c1\u00f1ez, confirm\u00f3 a Efe que la exmandataria transitoria &#8220;est\u00e1 en estado critico&#8221; y que era urgente su traslado.<\/p>\n<p>jc (efe, afp)<\/p>\n<div class=\"venep-after-content venep-entity-placement\" id=\"venep-2862662911\"><div id=\"venep-2494489547\"><a href=\"https:\/\/www.silverstarfinancialservices.com\/\" aria-label=\"silverstar financial\"><img src=\"https:\/\/veneportal.com\/noticias\/wp-content\/uploads\/sites\/2\/2022\/06\/silverstar-financial-2.png\" alt=\"silverstar financial\"  srcset=\"https:\/\/veneportal.com\/noticias\/wp-content\/uploads\/sites\/2\/2022\/06\/silverstar-financial-2.png 1748w, https:\/\/veneportal.com\/noticias\/wp-content\/uploads\/sites\/2\/2022\/06\/silverstar-financial-2-300x213.png 300w, https:\/\/veneportal.com\/noticias\/wp-content\/uploads\/sites\/2\/2022\/06\/silverstar-financial-2-1024x726.png 1024w, https:\/\/veneportal.com\/noticias\/wp-content\/uploads\/sites\/2\/2022\/06\/silverstar-financial-2-768x545.png 768w, https:\/\/veneportal.com\/noticias\/wp-content\/uploads\/sites\/2\/2022\/06\/silverstar-financial-2-1536x1090.png 1536w, https:\/\/veneportal.com\/noticias\/wp-content\/uploads\/sites\/2\/2022\/06\/silverstar-financial-2-600x426.png 600w\" sizes=\"(max-width: 1748px) 100vw, 1748px\" width=\"559\" height=\"397\"   \/><\/a><\/div><\/div>","protected":false},"excerpt":{"rendered":"<p>La expresidenta interina de Bolivia que est\u00e1 en huelga de hambre deber\u00e1 permanecer en la c\u00e1rcel, donde ser\u00e1 tratada por m\u00e9dicos del penal.Un juez del Tribunal de Justicia de La&hellip; <\/p>\n","protected":false},"author":505,"featured_media":12096,"comment_status":"open","ping_status":"open","sticky":false,"template":"","format":"standard","meta":{"footnotes":""},"categories":[84],"tags":[],"class_list":["post-12095","post","type-post","status-publish","format-standard","has-post-thumbnail","hentry","category-america-latina"],"_links":{"self":[{"href":"https:\/\/veneportal.com\/noticias\/wp-json\/wp\/v2\/posts\/12095","targetHints":{"allow":["GET"]}}],"collection":[{"href":"https:\/\/veneportal.com\/noticias\/wp-json\/wp\/v2\/posts"}],"about":[{"href":"https:\/\/veneportal.com\/noticias\/wp-json\/wp\/v2\/types\/post"}],"author":[{"embeddable":true,"href":"https:\/\/veneportal.com\/noticias\/wp-json\/wp\/v2\/users\/505"}],"replies":[{"embeddable":true,"href":"https:\/\/veneportal.com\/noticias\/wp-json\/wp\/v2\/comments?post=12095"}],"version-history":[{"count":0,"href":"https:\/\/veneportal.com\/noticias\/wp-json\/wp\/v2\/posts\/12095\/revisions"}],"wp:featuredmedia":[{"embeddable":true,"href":"https:\/\/veneportal.com\/noticias\/wp-json\/wp\/v2\/media\/12096"}],"wp:attachment":[{"href":"https:\/\/veneportal.com\/noticias\/wp-json\/wp\/v2\/media?parent=12095"}],"wp:term":[{"taxonomy":"category","embeddable":true,"href":"https:\/\/veneportal.com\/noticias\/wp-json\/wp\/v2\/categories?post=12095"},{"taxonomy":"post_tag","embeddable":true,"href":"https:\/\/veneportal.com\/noticias\/wp-json\/wp\/v2\/tags?post=12095"}],"curies":[{"name":"wp","href":"https:\/\/api.w.org\/{rel}","templated":true}]}}