{"id":12083,"date":"2022-02-19T00:00:03","date_gmt":"2022-02-19T05:00:03","guid":{"rendered":"https:\/\/veneportal.com\/noticias\/2022\/02\/19\/conferencia-de-seguridad-de-munich-christoph-heusgen-el-nuevo-presidente\/"},"modified":"2022-02-19T00:00:03","modified_gmt":"2022-02-19T05:00:03","slug":"conferencia-de-seguridad-de-munich-christoph-heusgen-el-nuevo-presidente","status":"publish","type":"post","link":"https:\/\/veneportal.com\/noticias\/2022\/02\/19\/conferencia-de-seguridad-de-munich-christoph-heusgen-el-nuevo-presidente\/","title":{"rendered":"Conferencia de Seguridad de M\u00fanich: Christoph Heusgen, el nuevo presidente"},"content":{"rendered":"<p>Se lo considera un hombre que habla claro. Christoph Heusgen, el diplom\u00e1tico que dirigir\u00e1 en lo sucesivo la Conferencia de Seguridad de M\u00fanich, promueve un papel internacional m\u00e1s activo de Alemania.Christoph Heusgen, un diplom\u00e1tico dedicado por m\u00e1s de 40 a\u00f1os a la pol\u00edtica exterior, dirigir\u00e1 en lo sucesivo la Conferencia de Seguridad de M\u00fanich (MSC), un foro sobre pol\u00edtica internacional de prestigio mundial. Desde hace meses, viene abogando por una comunidad unida de Estados que &#8220;haga valer el derecho internacional&#8221;, no solo en vista del conflicto de Ucrania.<\/p>\n<p>Se lo considera uno de los diplom\u00e1ticos m\u00e1s experimentados de Alemania, aunque inici\u00f3 su labor diplom\u00e1tica formal relativamente tarde. Trabaj\u00f3 en Europa y Estados Unidos, pero nunca se desempe\u00f1\u00f3 en \u00c1frica, Asia o Am\u00e9rica Latina.<\/p>\n<p>De Bruselas a la Canciller\u00eda<\/p>\n<p>Heusgen, miembro de la Uni\u00f3n Cristianodem\u00f3crata (CDU), fue subdirector de la oficina del ministro de Relaciones Exteriores de 1993 a 1997. Entre 1999 y 2005 dirigi\u00f3, en Bruselas, la oficina y el equipo pol\u00edtico de Javier Solana, por ese entonces Alto Representante del Consejo para la Pol\u00edtica Exterior y de Seguridad Com\u00fan, de la Uni\u00f3n Europea (UE).<\/p>\n<p>Tras su triunfo en las elecciones de 2005, Angela Merkel lo llev\u00f3 a la Canciller\u00eda, como asesor de pol\u00edtica exterior. Heusgen la acompa\u00f1\u00f3 en sus viajes al extranjero y dispone de una buena red de contactos.<\/p>\n<p>En ocasiones, tambi\u00e9n realiz\u00f3 viajes sin Merkel, pero a su servicio. En 2013, cuando se supo que servicios de inteligencia estadounidenses hab\u00edan espiado los tel\u00e9fonos de destacados pol\u00edticos alemanes, entre los que se contaba la canciller, Heusgen integr\u00f3 la delegaci\u00f3n germana que intent\u00f3 aclarar la cosas en Washington.<\/p>\n<p>De Berl\u00edn a Nueva York<\/p>\n<p>Antes de las elecciones alemanas de 2017, Heusgen se fue a la ONU. El diplom\u00e1tico, que en la d\u00e9cada de 1980 hab\u00eda estudiado en Estados Unidos y, tras 1983, trabaj\u00f3 en el consulado alem\u00e1n en Chicago, se convirti\u00f3 en embajador. Durante cuatro a\u00f1os, fue el representante de la Rep\u00fablica Federal de Alemania ante las Naciones Unidas, en Nueva York.<\/p>\n<p>En abril de 2019 y julio de 2020, le correspondi\u00f3 presidir las sesiones del Consejo de Seguridad, del cual Alemania no es miembro permanente. All\u00ed calific\u00f3 de &#8220;c\u00ednica&#8221; la actitud de Rusia y China de bloquear las ayudas de la ONU a Siria. En un debate sobre la situaci\u00f3n en Gaza, actu\u00f3 de forma poco convencional y pidi\u00f3 a los representantes israel\u00edes y palestinos dejar de lado sus discursos preparados y presentar propuestas constructivas para superar esa crisis.<\/p>\n<p>Dado que Alemania vot\u00f3 en un a\u00f1o nueve veces a favor de mociones contra Israel, el Centro Simon Wiesenthal le reproch\u00f3 antisemitismo en 2019. Afirm\u00f3 que el diplom\u00e1tico tambi\u00e9n hab\u00eda comparado los ataques con misiles de Ham\u00e1s con la pr\u00e1ctica del Ej\u00e9rcito israel\u00ed de derribar casas de &#8220;terroristas&#8221; palestinos. No solo el Gobierno alem\u00e1n sino tambi\u00e9n la embajada israel\u00ed en Berl\u00edn rechazaron tales acusaciones de antisemitismo.<\/p>\n<p>Defensor del derecho internacional<\/p>\n<p>Heusgen no reh\u00faye las palabras claras. Quiz\u00e1s se expres\u00f3 sobre el actual conflicto de Ucrania con tanta claridad porque estuvo involucrado en las complejas negociaciones del acuerdo de Minsk. En una entrevista con DW, afirm\u00f3 que, tambi\u00e9n ahora, siete a\u00f1os despu\u00e9s, Alemania tiene un papel importante que desempe\u00f1ar. &#8220;Lo hicimos la \u00faltima vez, cuando la canciller Merkel y el presidente Hollande llevaron a la mesa al presidente ucraniano Petro Poroshenko y a Putin, tras la agresi\u00f3n de Rusia a Ucrania\u201d, dijo. Desde entonces, se habla del &#8220;formato de Normand\u00eda&#8221;.<\/p>\n<p>En una serie de entrevistas previas a la Conferencia de Seguridad de M\u00fanich, su futuro director subray\u00f3 sus demandas de fondo: una comunidad unida de Estados en pro del derecho internacional, sanciones y di\u00e1logo. &#8220;Lo que queremos, esta vez, es que se exhiba una reacci\u00f3n muy fuerte y contundente&#8221;, dijo Heuser a DW. Y agreg\u00f3 que Rusia debe saber exactamente lo que ocurrir\u00eda si Putin atacara a Ucrania.<\/p>\n<p>Ahora, Heusgen se apresta a suceder a Wolfgang Ischinger, quien por estos d\u00edas dirige por \u00faltima vez la Conferencia de Seguridad de M\u00fanich.<\/p>\n<p>(ers\/rml)<\/p>\n<div class=\"venep-after-content venep-entity-placement\" id=\"venep-3252276806\"><div id=\"venep-1217318931\"><a href=\"https:\/\/veneportal.com\/directorio\/post-an-ad\/\" aria-label=\"directorio de negocios veneportal\"><img src=\"https:\/\/veneportal.com\/noticias\/wp-content\/uploads\/sites\/2\/2021\/03\/manolo-600X400.png\" alt=\"directorio de negocios veneportal\"  srcset=\"https:\/\/veneportal.com\/noticias\/wp-content\/uploads\/sites\/2\/2021\/03\/manolo-600X400.png 600w, https:\/\/veneportal.com\/noticias\/wp-content\/uploads\/sites\/2\/2021\/03\/manolo-600X400-300x200.png 300w, https:\/\/veneportal.com\/noticias\/wp-content\/uploads\/sites\/2\/2021\/03\/manolo-600X400-450x300.png 450w\" sizes=\"(max-width: 600px) 100vw, 600px\" width=\"600\" height=\"400\"   \/><\/a><\/div><\/div>","protected":false},"excerpt":{"rendered":"<p>Se lo considera un hombre que habla claro. Christoph Heusgen, el diplom\u00e1tico que dirigir\u00e1 en lo sucesivo la Conferencia de Seguridad de M\u00fanich, promueve un papel internacional m\u00e1s activo de&hellip; <\/p>\n","protected":false},"author":505,"featured_media":12084,"comment_status":"open","ping_status":"open","sticky":false,"template":"","format":"standard","meta":{"footnotes":""},"categories":[85],"tags":[],"class_list":["post-12083","post","type-post","status-publish","format-standard","has-post-thumbnail","hentry","category-politica"],"_links":{"self":[{"href":"https:\/\/veneportal.com\/noticias\/wp-json\/wp\/v2\/posts\/12083","targetHints":{"allow":["GET"]}}],"collection":[{"href":"https:\/\/veneportal.com\/noticias\/wp-json\/wp\/v2\/posts"}],"about":[{"href":"https:\/\/veneportal.com\/noticias\/wp-json\/wp\/v2\/types\/post"}],"author":[{"embeddable":true,"href":"https:\/\/veneportal.com\/noticias\/wp-json\/wp\/v2\/users\/505"}],"replies":[{"embeddable":true,"href":"https:\/\/veneportal.com\/noticias\/wp-json\/wp\/v2\/comments?post=12083"}],"version-history":[{"count":0,"href":"https:\/\/veneportal.com\/noticias\/wp-json\/wp\/v2\/posts\/12083\/revisions"}],"wp:featuredmedia":[{"embeddable":true,"href":"https:\/\/veneportal.com\/noticias\/wp-json\/wp\/v2\/media\/12084"}],"wp:attachment":[{"href":"https:\/\/veneportal.com\/noticias\/wp-json\/wp\/v2\/media?parent=12083"}],"wp:term":[{"taxonomy":"category","embeddable":true,"href":"https:\/\/veneportal.com\/noticias\/wp-json\/wp\/v2\/categories?post=12083"},{"taxonomy":"post_tag","embeddable":true,"href":"https:\/\/veneportal.com\/noticias\/wp-json\/wp\/v2\/tags?post=12083"}],"curies":[{"name":"wp","href":"https:\/\/api.w.org\/{rel}","templated":true}]}}