{"id":12027,"date":"2022-02-18T00:00:03","date_gmt":"2022-02-18T05:00:03","guid":{"rendered":"https:\/\/veneportal.com\/noticias\/2022\/02\/18\/retirada-de-tropas-de-mali-un-golpe-para-la-lucha-contra-el-terrorismo\/"},"modified":"2022-02-18T00:00:03","modified_gmt":"2022-02-18T05:00:03","slug":"retirada-de-tropas-de-mali-un-golpe-para-la-lucha-contra-el-terrorismo","status":"publish","type":"post","link":"https:\/\/veneportal.com\/noticias\/2022\/02\/18\/retirada-de-tropas-de-mali-un-golpe-para-la-lucha-contra-el-terrorismo\/","title":{"rendered":"Retirada de tropas de Mali: un golpe para la lucha contra el terrorismo"},"content":{"rendered":"<p>Francia asegura que lleg\u00f3 el fin de su misi\u00f3n militar en Mali. Pero Alemania a\u00fan duda. La retirada de tropas aumenta el riesgo de seguridad para la regi\u00f3n del Sahel. Falta una estrategia clara.El presidente de Senegal, Macky Sall, inst\u00f3 a una mayor solidaridad con los pa\u00edses del Sahel en el marco de la retirada de las tropas internacionales. &#8220;No nos enga\u00f1emos&#8221;, dijo Sall, que asumi\u00f3 en febrero la presidencia rotativa de la Uni\u00f3n Africana. &#8220;Si en \u00c1frica no reinan la paz y la seguridad, no reinar\u00e1n la paz ni la seguridad en el mundo&#8221;, advirti\u00f3 en entrevista con DW, poco antes de darse a conocer los planes de Francia de retirar sus tropas de ese pa\u00eds.<\/p>\n<p>Retirada de tropas en lugar de &#8220;mandato m\u00e1s s\u00f3lido&#8221;<\/p>\n<p>\u00c1frica se convierte cada vez m\u00e1s en el &#8220;tal\u00f3n de Aquiles en la lucha internacional contra el terrorismo&#8221;, dijo Sall a DW, y se pregunt\u00f3 si la comunidad internacional est\u00e1 sacando las conclusiones correctas. &#8220;En el caso de Afganist\u00e1n, se logr\u00f3 formar una coalici\u00f3n de m\u00e1s de 100.000 soldados&#8221;. Pero en el Sahel, las cosas son diferentes. &#8220;Durante 10 o 12 a\u00f1os, hemos estado presionando al Consejo de Seguridad para obtener un apoyo m\u00e1s fuerte, una misi\u00f3n con un mandato m\u00e1s s\u00f3lido. No es posible configurarlo&#8221;, sostuvo.<\/p>\n<p>En lugar de eso, la participaci\u00f3n militar internacional en el Sahel comienza a resquebrajarse. Este jueves (17.02.2022), el presidente franc\u00e9s, Emmanuel Macron, sell\u00f3 el fin de las misiones de las fuerzas especiales Barkhane y Takuba, luegode  acordarlo con los socios europeos. Dentro de un lapso de seis meses, Francia retirar\u00e1 todas sus tropas de Mali, anunci\u00f3 Macron.<\/p>\n<p>El futuro de la Misi\u00f3n Multidimensional Integrada de Estabilizaci\u00f3n de las Naciones Unidas en Mal\u00ed (MINUSMA), as\u00ed como el de la misi\u00f3n de capacitaci\u00f3n EUTM, de la Uni\u00f3n Europea (UE), ambas con participaci\u00f3n de Alemania, empiezan a tambalearse.<\/p>\n<p>Alemania expres\u00f3 su unidad con Francia &#8220;en este asunto y en sus consecuencias&#8221;, pero quiere &#8220;coordinar de manera estrecha&#8221; con sus socios, seg\u00fan explic\u00f3 la secretaria de Estado del Ministerio alem\u00e1n de Relaciones Exteriores, Katja Keul. Siguen esperando se\u00f1ales, concesiones del Gobierno militar de Bamako.<\/p>\n<p>Alemania sigue siendo un socio solicitado<\/p>\n<p>Tambi\u00e9n la Comunidad Econ\u00f3mica de Estados de \u00c1frica Occidental (CEDEAO\/ECOWAS, por sus siglas en franc\u00e9s e ingl\u00e9s), a la cual pertenece Senegal, castig\u00f3 con sanciones a Mali, luego de los golpes de Estado de 2020 y 2021.<\/p>\n<p>&#8220;Somos solidarios con las decisiones de la CEDEAO, pero tambi\u00e9n con el sufrimiento del pueblo maliense&#8221;, enfatiz\u00f3 el presidente Sall. Trabajar con las autoridades de transici\u00f3n y acordar un &#8220;camino razonable de transici\u00f3n&#8221; es esencial, seg\u00fan \u00e9l, para que Mali regrese a la comunidad de naciones con autoridades pol\u00edticas electas.<\/p>\n<p>Amadou Maiga, secretario parlamentario del Consejo Nacional de Transici\u00f3n (CNT) en Mali, tambi\u00e9n cuenta con la cooperaci\u00f3n continua de su socio de larga data, Alemania. &#8220;Mali tiene que reinventarse, reformarse y, por supuesto, combatir la inestabilidad. Alemania lleva el tiempo suficiente al lado de Mali como para poder ayudar de verdad a su hermano pa\u00eds&#8221;, subray\u00f3 tambi\u00e9n Maiga en entrevista con DW.<\/p>\n<p>Sin la Bundeswehr, todo &#8220;ser\u00eda peor&#8221;<\/p>\n<p>Pero las condiciones para eso son dif\u00edciles. &#8220;La retirada de los franceses y sus socios europeos de Mali es un golpe para el Ej\u00e9rcito alem\u00e1n y para la misi\u00f3n de la ONU en general&#8221;, dice, por su parte, Ulf Laessing, director del Programa del Sahel de la Fundaci\u00f3n Konrad Adenauer (KAS, por sus siglas en alem\u00e1n).<\/p>\n<p>&#8220;Los franceses, como tropa de combate, como unidad antiterrorismo, no pueden ser reemplazados por la unidad de la ONU, que tiene un mandato defensivo y no contar\u00eda con los medios para desactivar a los terroristas&#8221;, precisa Laessing. Y advierte contra una retirada a corto plazo, como la de Afganist\u00e1n: eso podr\u00eda desestabilizar a\u00fan m\u00e1s al pa\u00eds.<\/p>\n<p>Aunque la misi\u00f3n de la Bundeswehr ha sido menos eficiente, seg\u00fan \u00e9l, lo importante es que &#8220;sin la Bundeswehr, sin la ONU, la situaci\u00f3n de seguridad ser\u00eda mucho peor. Mali podr\u00eda derrumbarse en este momento&#8221;.<\/p>\n<p>Por \u00faltimo, pero no menos importante, esto tambi\u00e9n pone en peligro los intereses europeos. En comparaci\u00f3n con Afganist\u00e1n, un fracaso de Occidente en el Sahel tendr\u00eda un impacto mucho m\u00e1s directo sobre Alemania y Europa, de acuerdo con un estudio actual de la KAS. Principalmente, porque la inseguridad y la falta de perspectivas seguir\u00edan obligando a la gente a emigrar masivamente hacia Europa.<\/p>\n<p>N\u00edger rechaza la presencia de tropas<\/p>\n<p>Entonces, \u00bfc\u00f3mo seguir con las tropas internacionales? Los &#8220;objetivos a largo plazo en el pa\u00eds&#8221; continuar\u00edan, subraya la secretaria de Estado alemana, Katja Keul. La meta es &#8220;mejorar la seguridad de las personas y la estabilidad de la regi\u00f3n&#8221;, explica. Seg\u00fan Francia, ya se est\u00e1n trasladando las bases militares al vecino N\u00edger, directamente en la frontera con Burkina Faso.<\/p>\n<p>Organizaciones civiles del lugar expresaron su preocupaci\u00f3n, ya que recibir a nuevos soldados extranjeros podr\u00eda representar un riesgo para el presidente Mohamed Bazoum, alert\u00f3 Moussa Tchangari, secretario general de la oeneg\u00e9 Alternative Espace Citoyens (Alternativa Espacios Ciudadanos).<\/p>\n<p>&#8220;Si el Gobierno lo aprueba, estar\u00eda poniendo en juego su continuidad, en un momento en el que observamos el regreso de los militares al poder en \u00c1frica Occidental&#8221;, se\u00f1al\u00f3. Porque tambi\u00e9n en N\u00edger crece la frustraci\u00f3n y el convencimiento de que la presencia internacional no mejora la seguridad.<\/p>\n<p>Es por eso que Mahamadou Idder Algabid, presidente de la oeneg\u00e9 Agir pour la Paix et la Securit\u00e9 au Sahel (Actuar por la Paz y la Seguridad en el Sahel) advierte: &#8220;Esos traslados de tropas podr\u00edan echar le\u00f1a al fuego, y seguir atizando una atm\u00f3sfera que ya est\u00e1 envenenada por la desinformaci\u00f3n&#8221;.<\/p>\n<p>Crisis humanitaria: \u00bfc\u00f3mo fortalecer a la sociedad civil?<\/p>\n<p>Mientrs tanto, la situaci\u00f3n humanitaria en la crisis de Mali se agudiza. En Bamako, estima Amy Martin, directora de la Oficina de la ONU de Coordinaci\u00f3n de Asuntos Humanitariso (OCHA), el plan de acci\u00f3n deber\u00eda comprender, solo en 2022, cerca de 680 millones de d\u00f3lares, para poder ayudar a 5,3 millones de personas afectadas, seg\u00fan dijo a DW.<\/p>\n<p>Con la colaboraci\u00f3n de: Mahamadou Kane (Bamako), Abdoulkarim Mahamadou (Niamey) y Kossivi Tiassou<\/p>\n<p>(cp\/rml)<\/p>\n<div class=\"venep-after-content venep-entity-placement\" id=\"venep-2375395538\"><div id=\"venep-3716011477\"><blockquote>\r\n<h6 style=\"border: 8px dashed green; text-align: center;\"><span style=\"color: #800000;\">Publica tu Press Release, Nota de prensa o Art\u00edculo promocional en<\/span> <span style=\"color: #0000ff;\"><a style=\"color: #0000ff;\" href=\"https:\/\/veneportal.com\/contact\/\">Veneportal.com<\/a><\/span> \u00a1La forma mas econ\u00f3mica y eficiente de promover tu producto, servicio o marca con contenido!<\/h6>\r\n<\/blockquote><\/div><\/div>","protected":false},"excerpt":{"rendered":"<p>Francia asegura que lleg\u00f3 el fin de su misi\u00f3n militar en Mali. Pero Alemania a\u00fan duda. La retirada de tropas aumenta el riesgo de seguridad para la regi\u00f3n del Sahel.&hellip; <\/p>\n","protected":false},"author":505,"featured_media":12028,"comment_status":"open","ping_status":"open","sticky":false,"template":"","format":"standard","meta":{"footnotes":""},"categories":[85],"tags":[],"class_list":["post-12027","post","type-post","status-publish","format-standard","has-post-thumbnail","hentry","category-politica"],"_links":{"self":[{"href":"https:\/\/veneportal.com\/noticias\/wp-json\/wp\/v2\/posts\/12027","targetHints":{"allow":["GET"]}}],"collection":[{"href":"https:\/\/veneportal.com\/noticias\/wp-json\/wp\/v2\/posts"}],"about":[{"href":"https:\/\/veneportal.com\/noticias\/wp-json\/wp\/v2\/types\/post"}],"author":[{"embeddable":true,"href":"https:\/\/veneportal.com\/noticias\/wp-json\/wp\/v2\/users\/505"}],"replies":[{"embeddable":true,"href":"https:\/\/veneportal.com\/noticias\/wp-json\/wp\/v2\/comments?post=12027"}],"version-history":[{"count":0,"href":"https:\/\/veneportal.com\/noticias\/wp-json\/wp\/v2\/posts\/12027\/revisions"}],"wp:featuredmedia":[{"embeddable":true,"href":"https:\/\/veneportal.com\/noticias\/wp-json\/wp\/v2\/media\/12028"}],"wp:attachment":[{"href":"https:\/\/veneportal.com\/noticias\/wp-json\/wp\/v2\/media?parent=12027"}],"wp:term":[{"taxonomy":"category","embeddable":true,"href":"https:\/\/veneportal.com\/noticias\/wp-json\/wp\/v2\/categories?post=12027"},{"taxonomy":"post_tag","embeddable":true,"href":"https:\/\/veneportal.com\/noticias\/wp-json\/wp\/v2\/tags?post=12027"}],"curies":[{"name":"wp","href":"https:\/\/api.w.org\/{rel}","templated":true}]}}