{"id":1202,"date":"2021-02-03T09:41:52","date_gmt":"2021-02-03T14:41:52","guid":{"rendered":"https:\/\/veneportal.com\/noticias\/2021\/02\/03\/se-extiende-por-dos-anos-la-vigencia-de-pasaportes-venezolanos-en-chile\/"},"modified":"2021-02-17T20:33:57","modified_gmt":"2021-02-18T01:33:57","slug":"se-extiende-por-dos-anos-la-vigencia-de-pasaportes-venezolanos-en-chile","status":"publish","type":"post","link":"https:\/\/veneportal.com\/noticias\/2021\/02\/03\/se-extiende-por-dos-anos-la-vigencia-de-pasaportes-venezolanos-en-chile\/","title":{"rendered":"Se extiende por dos a\u00f1os la vigencia de pasaportes venezolanos en Chile."},"content":{"rendered":"<p>El Diario Oficial de Chile el d\u00eda de hoy lanz\u00f3 un comunicado, dirigido a todos los venezolanos que actualmente tienen el pasaporte vencido, el cual indica que todo pasaporte emitido en el a\u00f1o 2013 en adelante tiene vigencia y ser\u00e1s hasta abril de 2023.<\/p>\n<p><em>La resoluci\u00f3n 2087 de fecha 18 de abril de 2019 dicta la siguiente premisa: Modif\u00edcase el art\u00edculo III de la resoluci\u00f3n exenta N\u00b02.087 de 18 de abril de 2019, DEL Ministerio del Interior y Seguridad P\u00fablica, el que debe quedar de la siguiente forma:<\/em><\/p>\n<p><em>\u201cIII.- D\u00e9jase establecido\u00a0 que el t\u00e9rmino de vigencia de dichos documentos\u00a0 de an\u00e1loga naturaleza\u00a0 ser\u00e1 de 4 a\u00f1os\u00a0 a \u00a0partir de la publicaci\u00f3n del presente acto administrativo.\u201d<\/em><\/p>\n<p><em>2.-D\u00e9jase constancia que lo modificado , rige \u00edntegramente lo dispuesto en la resoluci\u00f3n exenta N\u00b02.087, de 18 de abril de 2019, del Ministerio de Interior y seguridad P\u00fablica.<\/em><\/p>\n<p><em>An\u00f3tese, publ\u00edquese y arch\u00edvese .- Rodrigo Delgado Mocarquer , Ministro\u00a0 del Interior y Seguridad P\u00fablica .- Rodrigo Y\u00e1nez\u00a0Ben\u00edtez , Ministro de Relaciones Exteriores (S). Lo que transcribo\u00a0 a Ud. Para conocimiento.- Atentamente Juan Eduardo Vega Mora Subsecretario del Interior.<\/em><\/p>\n<p>Es importante mencionar que la Embajada de Chile dio a conocer la jornada de retiro de pr\u00f3rroga de pasaporte para aquellas personas que tienen la solicitud en tr\u00e1mite. En el comunicado emitido se estableci\u00f3 que el pr\u00f3ximo 6 de febrero\u00a0 se llevar\u00e1 a cabo la jornada para estampado desde las 9:00 hasta las 13:00 horas.\u00a0 Para conocer si el documento est\u00e1 disponible, deben ingresar a: <a href=\"http:\/\/sodoc.embaven.cl\/consultaprorroga\" target=\"_blank\" rel=\"noopener\">http:\/\/sodoc.embaven.cl\/consultaprorroga<\/a>\u00a0\u00a0 o consultar en las redes sociales de la enbajada o consulado de Venezuela en Chile.<\/p>\n<p>Asimismo el Diario Oficial de la Rep\u00fablica de Chile tambi\u00e9n comunic\u00f3 que se extiende vigencia de c\u00e9dula de identidad para extranjeros con fecha de vencimiento en 2019, 2020 y 2021 hasta el 28 de febrero de 2022 siempre y cuando se cuente con permiso de residencia vigente en tr\u00e1mite.<\/p>\n<p style=\"text-align: right\"><em><strong>Por: Mar\u00eda Jes\u00fas Hern\u00e1ndez \/ Diario Oficial <\/strong><\/em><\/p>\n<div class=\"venep-after-content venep-entity-placement\" id=\"venep-1427492032\"><div id=\"venep-719295367\"><a href=\"https:\/\/veneportal.com\/precios-premium\/\" aria-label=\"anuncios digitales $1 veneportal\"><img src=\"https:\/\/veneportal.com\/noticias\/wp-content\/uploads\/sites\/2\/2021\/03\/anuncios-digitals-1.png\" alt=\"anuncios digitales $1 veneportal\"  srcset=\"https:\/\/veneportal.com\/noticias\/wp-content\/uploads\/sites\/2\/2021\/03\/anuncios-digitals-1.png 1748w, https:\/\/veneportal.com\/noticias\/wp-content\/uploads\/sites\/2\/2021\/03\/anuncios-digitals-1-300x213.png 300w, https:\/\/veneportal.com\/noticias\/wp-content\/uploads\/sites\/2\/2021\/03\/anuncios-digitals-1-1024x726.png 1024w, https:\/\/veneportal.com\/noticias\/wp-content\/uploads\/sites\/2\/2021\/03\/anuncios-digitals-1-768x545.png 768w, https:\/\/veneportal.com\/noticias\/wp-content\/uploads\/sites\/2\/2021\/03\/anuncios-digitals-1-1536x1090.png 1536w, https:\/\/veneportal.com\/noticias\/wp-content\/uploads\/sites\/2\/2021\/03\/anuncios-digitals-1-600x426.png 600w\" sizes=\"(max-width: 1748px) 100vw, 1748px\" width=\"1748\" height=\"1240\"   \/><\/a><\/div><\/div>","protected":false},"excerpt":{"rendered":"<p>El Diario Oficial de Chile el d\u00eda de hoy lanz\u00f3 un comunicado, dirigido a todos los venezolanos que actualmente tienen el pasaporte vencido, el cual indica que todo pasaporte emitido&hellip; <\/p>\n","protected":false},"author":59,"featured_media":1204,"comment_status":"open","ping_status":"open","sticky":false,"template":"","format":"standard","meta":{"footnotes":""},"categories":[70,60],"tags":[],"class_list":["post-1202","post","type-post","status-publish","format-standard","has-post-thumbnail","hentry","category-informacion","category-inmigracion"],"_links":{"self":[{"href":"https:\/\/veneportal.com\/noticias\/wp-json\/wp\/v2\/posts\/1202","targetHints":{"allow":["GET"]}}],"collection":[{"href":"https:\/\/veneportal.com\/noticias\/wp-json\/wp\/v2\/posts"}],"about":[{"href":"https:\/\/veneportal.com\/noticias\/wp-json\/wp\/v2\/types\/post"}],"author":[{"embeddable":true,"href":"https:\/\/veneportal.com\/noticias\/wp-json\/wp\/v2\/users\/59"}],"replies":[{"embeddable":true,"href":"https:\/\/veneportal.com\/noticias\/wp-json\/wp\/v2\/comments?post=1202"}],"version-history":[{"count":3,"href":"https:\/\/veneportal.com\/noticias\/wp-json\/wp\/v2\/posts\/1202\/revisions"}],"predecessor-version":[{"id":1211,"href":"https:\/\/veneportal.com\/noticias\/wp-json\/wp\/v2\/posts\/1202\/revisions\/1211"}],"wp:featuredmedia":[{"embeddable":true,"href":"https:\/\/veneportal.com\/noticias\/wp-json\/wp\/v2\/media\/1204"}],"wp:attachment":[{"href":"https:\/\/veneportal.com\/noticias\/wp-json\/wp\/v2\/media?parent=1202"}],"wp:term":[{"taxonomy":"category","embeddable":true,"href":"https:\/\/veneportal.com\/noticias\/wp-json\/wp\/v2\/categories?post=1202"},{"taxonomy":"post_tag","embeddable":true,"href":"https:\/\/veneportal.com\/noticias\/wp-json\/wp\/v2\/tags?post=1202"}],"curies":[{"name":"wp","href":"https:\/\/api.w.org\/{rel}","templated":true}]}}