{"id":11986,"date":"2022-02-17T12:02:02","date_gmt":"2022-02-17T17:02:02","guid":{"rendered":"https:\/\/veneportal.com\/noticias\/2022\/02\/17\/francia-y-aliados-retiraran-mision-antiyihadista-de-mali\/"},"modified":"2022-02-17T12:02:02","modified_gmt":"2022-02-17T17:02:02","slug":"francia-y-aliados-retiraran-mision-antiyihadista-de-mali","status":"publish","type":"post","link":"https:\/\/veneportal.com\/noticias\/2022\/02\/17\/francia-y-aliados-retiraran-mision-antiyihadista-de-mali\/","title":{"rendered":"Francia y aliados retirar\u00e1n misi\u00f3n antiyihadista de Mali"},"content":{"rendered":"<p>&#8220;Ya no se dan las condiciones pol\u00edticas, operativas y jur\u00eddicas para continuar de forma efectiva su actual compromiso militar en la lucha contra el terrorismo en Mal\u00ed&#8221;, detalla una declaraci\u00f3n conjunta.Francia y sus aliados anunciaron este jueves (17.02.2022) la retirada militar de Mali, tras nueve a\u00f1os de presencia, aunque reiteraron tener intenci\u00f3n de continuar la lucha contra los grupos yihadistas en  la regi\u00f3n de Sahel, seg\u00fan una declaraci\u00f3n conjunta enviada por la presidencia francesa.<\/p>\n<p>&#8220;Ya no se dan las condiciones pol\u00edticas, operativas y jur\u00eddicas para continuar de forma efectiva su actual compromiso militar en la lucha contra el terrorismo en Mal\u00ed y, por tanto, decidimos iniciar la retirada coordinada&#8221;, detalla la nota.<\/p>\n<p>La declaraci\u00f3n, firmada por Francia, sus aliados europeos en la operaci\u00f3n Barkhane, Canad\u00e1 y sus socios africanos en Sahel y en el golfo de Guinea, subraya la &#8220;voluntad&#8221; de continuar la &#8220;acci\u00f3n conjunta contra el terrorismo en la regi\u00f3n de Sahel, especialmente en N\u00edger y en el golfo de Guinea&#8221;.<\/p>\n<p>La retirada de Francia de su excolonia llega en un contexto de tensi\u00f3n con la junta militar que tom\u00f3 el poder en Mal\u00ed tras dos golpes de Estado, y a la que acusan de retrasar la transici\u00f3n y recurrir a los servicios de la compa\u00f1\u00eda de mercenarios rusos Wagner.<\/p>\n<p>Ante la progresi\u00f3n de las fuerzas yihadistas en el norte de Mal\u00ed en enero de 2013, Francia, presidida entonces por el socialista Fran\u00e7ois Hollande, decidi\u00f3 lanzar la operaci\u00f3n Serval, que permiti\u00f3 recuperar ciudades como Gao y Tombuct\u00fa.<\/p>\n<p>A mediados de 2014, la nueva operaci\u00f3n Barkhane extendi\u00f3 el campo de acci\u00f3n a los cinco pa\u00edses de Sahel (Mal\u00ed, Mauritania, Chad, N\u00edger y Burkina Faso). Para reducir el contingente franc\u00e9s se cre\u00f3 en 2020 la fuerza especial europea Takuba.<\/p>\n<p>Pero a pesar de las victorias t\u00e1cticas, el Estado maliense y sus fuerzas armadas no lograron realmente retomar el terreno a los grupos yihadistas. Adem\u00e1s, los soldados desplegados enfrentan un creciente sentimiento antifranc\u00e9s en la regi\u00f3n.<\/p>\n<p>afp\/reuters \/rr<\/p>\n<div class=\"venep-after-content venep-entity-placement\" id=\"venep-3454380791\"><div id=\"venep-2245458862\"><a href=\"https:\/\/veneportal.com\/precios-premium\/\" aria-label=\"anuncios digitales $1 veneportal\"><img src=\"https:\/\/veneportal.com\/noticias\/wp-content\/uploads\/sites\/2\/2021\/03\/anuncios-digitals-1.png\" alt=\"anuncios digitales $1 veneportal\"  srcset=\"https:\/\/veneportal.com\/noticias\/wp-content\/uploads\/sites\/2\/2021\/03\/anuncios-digitals-1.png 1748w, https:\/\/veneportal.com\/noticias\/wp-content\/uploads\/sites\/2\/2021\/03\/anuncios-digitals-1-300x213.png 300w, https:\/\/veneportal.com\/noticias\/wp-content\/uploads\/sites\/2\/2021\/03\/anuncios-digitals-1-1024x726.png 1024w, https:\/\/veneportal.com\/noticias\/wp-content\/uploads\/sites\/2\/2021\/03\/anuncios-digitals-1-768x545.png 768w, https:\/\/veneportal.com\/noticias\/wp-content\/uploads\/sites\/2\/2021\/03\/anuncios-digitals-1-1536x1090.png 1536w, https:\/\/veneportal.com\/noticias\/wp-content\/uploads\/sites\/2\/2021\/03\/anuncios-digitals-1-600x426.png 600w\" sizes=\"(max-width: 1748px) 100vw, 1748px\" width=\"1748\" height=\"1240\"   \/><\/a><\/div><\/div>","protected":false},"excerpt":{"rendered":"<p>&#8220;Ya no se dan las condiciones pol\u00edticas, operativas y jur\u00eddicas para continuar de forma efectiva su actual compromiso militar en la lucha contra el terrorismo en Mal\u00ed&#8221;, detalla una declaraci\u00f3n&hellip; <\/p>\n","protected":false},"author":505,"featured_media":11987,"comment_status":"open","ping_status":"open","sticky":false,"template":"","format":"standard","meta":{"footnotes":""},"categories":[85],"tags":[],"class_list":["post-11986","post","type-post","status-publish","format-standard","has-post-thumbnail","hentry","category-politica"],"_links":{"self":[{"href":"https:\/\/veneportal.com\/noticias\/wp-json\/wp\/v2\/posts\/11986","targetHints":{"allow":["GET"]}}],"collection":[{"href":"https:\/\/veneportal.com\/noticias\/wp-json\/wp\/v2\/posts"}],"about":[{"href":"https:\/\/veneportal.com\/noticias\/wp-json\/wp\/v2\/types\/post"}],"author":[{"embeddable":true,"href":"https:\/\/veneportal.com\/noticias\/wp-json\/wp\/v2\/users\/505"}],"replies":[{"embeddable":true,"href":"https:\/\/veneportal.com\/noticias\/wp-json\/wp\/v2\/comments?post=11986"}],"version-history":[{"count":0,"href":"https:\/\/veneportal.com\/noticias\/wp-json\/wp\/v2\/posts\/11986\/revisions"}],"wp:featuredmedia":[{"embeddable":true,"href":"https:\/\/veneportal.com\/noticias\/wp-json\/wp\/v2\/media\/11987"}],"wp:attachment":[{"href":"https:\/\/veneportal.com\/noticias\/wp-json\/wp\/v2\/media?parent=11986"}],"wp:term":[{"taxonomy":"category","embeddable":true,"href":"https:\/\/veneportal.com\/noticias\/wp-json\/wp\/v2\/categories?post=11986"},{"taxonomy":"post_tag","embeddable":true,"href":"https:\/\/veneportal.com\/noticias\/wp-json\/wp\/v2\/tags?post=11986"}],"curies":[{"name":"wp","href":"https:\/\/api.w.org\/{rel}","templated":true}]}}