{"id":11982,"date":"2022-02-17T12:02:02","date_gmt":"2022-02-17T17:02:02","guid":{"rendered":"https:\/\/veneportal.com\/noticias\/2022\/02\/17\/pandemia-de-coronavirus-ha-costado-330-000-millones-de-euros-a-alemania\/"},"modified":"2022-02-17T12:02:02","modified_gmt":"2022-02-17T17:02:02","slug":"pandemia-de-coronavirus-ha-costado-330-000-millones-de-euros-a-alemania","status":"publish","type":"post","link":"https:\/\/veneportal.com\/noticias\/2022\/02\/17\/pandemia-de-coronavirus-ha-costado-330-000-millones-de-euros-a-alemania\/","title":{"rendered":"Pandemia de coronavirus ha costado 330.000 millones de euros a Alemania"},"content":{"rendered":"<p>Seg\u00fan el especializado Instituto Ifo, las p\u00e9rdidas equivalen a 10 % del PIB de Alemania en 2019. Se trata de &#8220;la crisis econ\u00f3mica mundial m\u00e1s grave desde la Gran Depresi\u00f3n de la d\u00e9cada de 1930\u201d, advirti\u00f3.La pandemia de coronavirus tuvo un costo para Alemania de unos 330.000 millones de euros en 2020 y 2021, seg\u00fan el especializado Instituto Ifo, que calcula que la cifra equivale a 10 % del producto interno bruto (PIB) del pa\u00eds en 2019.<\/p>\n<p>&#8220;Si no hubiera ocurrido la crisis, la econom\u00eda alemana habr\u00eda crecido 1,3 % en cada uno de esos a\u00f1os&#8221;, declar\u00f3 el jefe de pron\u00f3sticos del Ifo, Timo Wollmersh\u00e4user.<\/p>\n<p>El presidente del Ifo, Clemens Fuest, valor\u00f3 por su parte que se trata de &#8220;la crisis econ\u00f3mica mundial m\u00e1s grave desde la Gran Depresi\u00f3n de la d\u00e9cada de 1930\u201d, por lo que fue correcto que el gobierno alem\u00e1n tomara &#8220;medidas decisivas para estabilizar la econom\u00eda&#8221;.<\/p>\n<p>Fuest tambi\u00e9n explic\u00f3 que el gobierno actu\u00f3 &#8220;no solo con pol\u00edtica coyuntural cl\u00e1sica orientada a la demanda, sino mediante la estabilizaci\u00f3n de los mercados financieros y con ayudas transitorias para empleados, aut\u00f3nomos y empresas&#8221;.<\/p>\n<p>De acuerdo al experto, la crisis mundial de salud trajo consecuencias como &#8220;una deuda p\u00fablica m\u00e1s alta, niveles educativos m\u00e1s bajos y un aumento en la digitalizaci\u00f3n, que est\u00e1 cambiando la econom\u00eda a trav\u00e9s del trabajo a distancia y la venta minorista en l\u00ednea\u201d.<\/p>\n<p>Asimismo, el Ifo record\u00f3 que exactamente hace dos a\u00f1os lleg\u00f3 la pandemia a Europa y la econom\u00eda alemana retrocedi\u00f3 4,6 % en 2020, para luego recuperarse en 2,7 % en 2021.<\/p>\n<p>En opini\u00f3n del experto Wollmersh\u00e4user eso significa que la econom\u00eda alemana &#8220;tuvo un comportamiento en conjunto claramente por debajo de sus posibilidades&#8221;.<\/p>\n<p>efe\/ifo\/dpa \/rr<\/p>\n<div class=\"venep-after-content venep-entity-placement\" id=\"venep-1176280192\"><div id=\"venep-664341213\"><a href=\"https:\/\/veneportal.com\/clasificados\/listing\/warriorolls-handrolleria\/\" aria-label=\"warriorolls\"><img src=\"https:\/\/veneportal.com\/noticias\/wp-content\/uploads\/sites\/2\/2021\/07\/6.png\" alt=\"warriorolls\"  width=\"300\" height=\"250\"   \/><\/a><\/div><\/div>","protected":false},"excerpt":{"rendered":"<p>Seg\u00fan el especializado Instituto Ifo, las p\u00e9rdidas equivalen a 10 % del PIB de Alemania en 2019. Se trata de &#8220;la crisis econ\u00f3mica mundial m\u00e1s grave desde la Gran Depresi\u00f3n&hellip; <\/p>\n","protected":false},"author":505,"featured_media":11983,"comment_status":"open","ping_status":"open","sticky":false,"template":"","format":"standard","meta":{"footnotes":""},"categories":[85],"tags":[],"class_list":["post-11982","post","type-post","status-publish","format-standard","has-post-thumbnail","hentry","category-politica"],"_links":{"self":[{"href":"https:\/\/veneportal.com\/noticias\/wp-json\/wp\/v2\/posts\/11982","targetHints":{"allow":["GET"]}}],"collection":[{"href":"https:\/\/veneportal.com\/noticias\/wp-json\/wp\/v2\/posts"}],"about":[{"href":"https:\/\/veneportal.com\/noticias\/wp-json\/wp\/v2\/types\/post"}],"author":[{"embeddable":true,"href":"https:\/\/veneportal.com\/noticias\/wp-json\/wp\/v2\/users\/505"}],"replies":[{"embeddable":true,"href":"https:\/\/veneportal.com\/noticias\/wp-json\/wp\/v2\/comments?post=11982"}],"version-history":[{"count":0,"href":"https:\/\/veneportal.com\/noticias\/wp-json\/wp\/v2\/posts\/11982\/revisions"}],"wp:featuredmedia":[{"embeddable":true,"href":"https:\/\/veneportal.com\/noticias\/wp-json\/wp\/v2\/media\/11983"}],"wp:attachment":[{"href":"https:\/\/veneportal.com\/noticias\/wp-json\/wp\/v2\/media?parent=11982"}],"wp:term":[{"taxonomy":"category","embeddable":true,"href":"https:\/\/veneportal.com\/noticias\/wp-json\/wp\/v2\/categories?post=11982"},{"taxonomy":"post_tag","embeddable":true,"href":"https:\/\/veneportal.com\/noticias\/wp-json\/wp\/v2\/tags?post=11982"}],"curies":[{"name":"wp","href":"https:\/\/api.w.org\/{rel}","templated":true}]}}