{"id":11976,"date":"2022-02-17T12:02:02","date_gmt":"2022-02-17T17:02:02","guid":{"rendered":"https:\/\/veneportal.com\/noticias\/2022\/02\/17\/ministra-alemana-de-defensa-pide-pruebas-de-que-rusia-retira-sus-tropas-de-la-frontera-con-ucrania\/"},"modified":"2022-02-17T12:02:02","modified_gmt":"2022-02-17T17:02:02","slug":"ministra-alemana-de-defensa-pide-pruebas-de-que-rusia-retira-sus-tropas-de-la-frontera-con-ucrania","status":"publish","type":"post","link":"https:\/\/veneportal.com\/noticias\/2022\/02\/17\/ministra-alemana-de-defensa-pide-pruebas-de-que-rusia-retira-sus-tropas-de-la-frontera-con-ucrania\/","title":{"rendered":"Ministra alemana de Defensa pide pruebas de que Rusia retira sus tropas de la frontera con Ucrania"},"content":{"rendered":"<p>En entrevista con DW, la ministra alemana de Defensa se muestra &#8220;esperanzada&#8221;, pero observa que, adem\u00e1s de anunciar la retirada de sus tropas de la frontera ucraniana, Rusia debe probarlo con hechos.El Gobierno de Rusia afirma que la retirada de tropas de la frontera con Ucrania ha comenzado. El Ministerio de Defensa de Mosc\u00fa asegur\u00f3 que hay tanques preparados para el transporte luego del fin de las maniobras. Tambi\u00e9n se public\u00f3 una fotograf\u00eda alusiva. Pero Washington piensa que se trata de una noticia falsa. El Gobierno estadounidense parte de que Rusia incluso ha introducido tropas adicionales en los \u00faltimos d\u00edas. En la Casa Blanca se habla de unos 7.000 soldados m\u00e1s. La OTAN, en Bruselas, coincide con esa apreciaci\u00f3n. En la capital belga, se re\u00fanen este jueves (17.02.2022) los ministros y ministras de Defensa de la alianza.<\/p>\n<p>La ministra alemana de Defensa, Christine Lambrecht, dijo en entrevista con DW que no ve motivos para un cese de la alarma. &#8220;Escuchamos palabras que nos dan esperanza, es verdad. Pero debemos observar exhaustivamente si a esas palabras les siguen hechos y, sobre todo, cu\u00e1n sostenibles son esos hechos&#8221;, se\u00f1al\u00f3 la ministra Lambrecht en Bruselas.<\/p>\n<p>Seg\u00fan ella, mucho depende de si Rusia retira las tropas que usar\u00eda verdaderamente para un ataque. &#8220;Tampoco se puede partir de que eso se realice en un lapso de pocas horas&#8221;, admiti\u00f3 , pero se necesitan &#8220;pruebas contundentes&#8221; de una desescalada. &#8220;Todav\u00eda no las vemos. No vemos movimientos en ese sentido&#8221;, subray\u00f3.<\/p>\n<p>Decisi\u00f3n sobre nuevas tropas en Rumania, reci\u00e9n en junio<\/p>\n<p>Los ministros de Defensa de la OTAN hablaron del establecimiento de batallones adicionales en los pa\u00edses del sureste europeo. Esos grupos de combate multinacionales se componen de hasta 1.500 mujeres y hombres, y hasta ahora se estacionaron  en los pa\u00edses b\u00e1lticos y en Polonia.<\/p>\n<p>Francia ofreci\u00f3 formar y dirigir un batall\u00f3n en Rumania. Pero la ministra alemana de Defensa es algo reticente al respecto. Christine Lambrecht dijo a DW que, en este momento, la OTAN est\u00e1 utilizando la se\u00f1al de disuasi\u00f3n. Alemania aument\u00f3 (con 367 efectivos adicionales) hasta casi 1.000 efectivos sus tropas en el grupo de batalla en Lituania, liderado por la Bundeswehr.<\/p>\n<p>&#8220;Y en torno a lo que pasar\u00e1 luego, en torno a si se formar\u00e1 adem\u00e1s un flanco en el este a largo plazo, creo que se debe llevar a cabo un examen muy exhaustivo, y no se debe decidir ad hoc. Tendremos otra reuni\u00f3n en junio, donde se puede discutir en detalle, y tomar una decisi\u00f3n&#8221;, se\u00f1al\u00f3 la ministra.<\/p>\n<p>&#8220;Ucrania no cumple actualmente con los requisitos&#8221;<\/p>\n<p>La idea de que esta crisis de las relaciones con Rusia podr\u00eda solucionarse con un acuerdo sobre una Ucrania neutral, sin miras a que forme parte de la OTAN, fue rechazada por Christine Lambrecht. &#8220;Hay l\u00edneas rojas, y tampoco podemos pasar por encima de ellas en las negociaciones. Entre ellas, la soberan\u00eda de Ucrania, el derecho internacional, y el derecho de los pa\u00edses a elegir a qu\u00e9 alianza quieren pertenecer&#8221;, dijo a DW la ministra alemana de Defensa.<\/p>\n<p>Sin embargo, el canciller alem\u00e1n, Olaf Scholz, declar\u00f3 la v\u00edspera, en su reuni\u00f3n con el presidente ruso, Vladimir Putin, que la adhesi\u00f3n de Ucrania a la OTAN no estaba en la agenda ahora, ni en un futuro cercano.<\/p>\n<p>Visto as\u00ed, su ministra de Defensa, Christine Lambrecht, coincide porque, independientemente de los principios mencionados, Ucrania debe cumplir primero con ciertos requisitos para ser aceptada en la alianza. &#8220;Ucrania no cumple, por el momento, con esas condiciones. Por lo tanto, a\u00fan har\u00eda falta un largo proceso&#8221;, dice. No obstante, acota, la decisi\u00f3n sobre si presenta esa solicitud o no, debe quedar en manos de Ucrania. Tampoco se debe renunciar a eso en el curso de las negociaciones&#8221;.<\/p>\n<p>(cp\/rml)<\/p>\n<div class=\"venep-after-content venep-entity-placement\" id=\"venep-2249540133\"><div id=\"venep-644312340\"><script async src=\"https:\/\/pagead2.googlesyndication.com\/pagead\/js\/adsbygoogle.js?client=ca-pub-5862940809620110\"\r\n     crossorigin=\"anonymous\"><\/script>\r\n<ins class=\"adsbygoogle\"\r\n     style=\"display:block\"\r\n     data-ad-format=\"fluid\"\r\n     data-ad-layout-key=\"-6t+ed+2i-1n-4w\"\r\n     data-ad-client=\"ca-pub-5862940809620110\"\r\n     data-ad-slot=\"7946604715\"><\/ins>\r\n<script>\r\n     (adsbygoogle = window.adsbygoogle || []).push({});\r\n<\/script><\/div><\/div>","protected":false},"excerpt":{"rendered":"<p>En entrevista con DW, la ministra alemana de Defensa se muestra &#8220;esperanzada&#8221;, pero observa que, adem\u00e1s de anunciar la retirada de sus tropas de la frontera ucraniana, Rusia debe probarlo&hellip; <\/p>\n","protected":false},"author":505,"featured_media":11977,"comment_status":"open","ping_status":"open","sticky":false,"template":"","format":"standard","meta":{"footnotes":""},"categories":[85],"tags":[],"class_list":["post-11976","post","type-post","status-publish","format-standard","has-post-thumbnail","hentry","category-politica"],"_links":{"self":[{"href":"https:\/\/veneportal.com\/noticias\/wp-json\/wp\/v2\/posts\/11976","targetHints":{"allow":["GET"]}}],"collection":[{"href":"https:\/\/veneportal.com\/noticias\/wp-json\/wp\/v2\/posts"}],"about":[{"href":"https:\/\/veneportal.com\/noticias\/wp-json\/wp\/v2\/types\/post"}],"author":[{"embeddable":true,"href":"https:\/\/veneportal.com\/noticias\/wp-json\/wp\/v2\/users\/505"}],"replies":[{"embeddable":true,"href":"https:\/\/veneportal.com\/noticias\/wp-json\/wp\/v2\/comments?post=11976"}],"version-history":[{"count":0,"href":"https:\/\/veneportal.com\/noticias\/wp-json\/wp\/v2\/posts\/11976\/revisions"}],"wp:featuredmedia":[{"embeddable":true,"href":"https:\/\/veneportal.com\/noticias\/wp-json\/wp\/v2\/media\/11977"}],"wp:attachment":[{"href":"https:\/\/veneportal.com\/noticias\/wp-json\/wp\/v2\/media?parent=11976"}],"wp:term":[{"taxonomy":"category","embeddable":true,"href":"https:\/\/veneportal.com\/noticias\/wp-json\/wp\/v2\/categories?post=11976"},{"taxonomy":"post_tag","embeddable":true,"href":"https:\/\/veneportal.com\/noticias\/wp-json\/wp\/v2\/tags?post=11976"}],"curies":[{"name":"wp","href":"https:\/\/api.w.org\/{rel}","templated":true}]}}