{"id":11963,"date":"2022-02-17T00:02:02","date_gmt":"2022-02-17T05:02:02","guid":{"rendered":"https:\/\/veneportal.com\/noticias\/2022\/02\/17\/covid-19-alemania-planea-ir-eliminando-todas-las-restricciones-sanitarias\/"},"modified":"2022-02-17T00:02:02","modified_gmt":"2022-02-17T05:02:02","slug":"covid-19-alemania-planea-ir-eliminando-todas-las-restricciones-sanitarias","status":"publish","type":"post","link":"https:\/\/veneportal.com\/noticias\/2022\/02\/17\/covid-19-alemania-planea-ir-eliminando-todas-las-restricciones-sanitarias\/","title":{"rendered":"COVID-19: Alemania planea ir eliminando todas las restricciones sanitarias"},"content":{"rendered":"<p>El Gobierno y los L\u00e4nder prev\u00e9n levantar las medidas completamente, tras tres fases sucesivas, el pr\u00f3ximo 20 de marzo.El Gobierno federal alem\u00e1n y los de los L\u00e4nder, los estados federados, acordaron un plan para levantar la mayor\u00eda de las restricciones sanitarias instauradas por el COVID-19 que culminar\u00eda el pr\u00f3ximo 20 de marzo, dijo el mi\u00e9rcoles (16.02.2022) el canciller Olaf Scholz. &#8220;Podemos mirar hacia el futuro con m\u00e1s optimismo que en las \u00faltimas semanas&#8221;, dijo.<\/p>\n<p>Despu\u00e9s de aumentar las restricciones durante una ola de infecciones sin precedentes causada por las variantes delta y, luego, \u00f3micron, Alemania est\u00e1 lista para seguir a otros pa\u00edses europeos en el regreso gradual a la normalidad. El plan en tres fases prev\u00e9 el levantamiento gradual de las restricciones para reuniones privadas, tiendas minoristas y restaurantes y hoteles. A partir del 20 de marzo, cuando expiran las limitaciones actuales, se eliminar\u00e1n todas las &#8220;medidas de protecci\u00f3n de mayor alcance&#8221;.<\/p>\n<p>Aun as\u00ed, en la primavera se mantendr\u00e1n medidas como la obligatoriedad de llevar mascarilla en espacios cerrados y en el transporte p\u00fablico, as\u00ed como el mantenimiento de distancias de seguridad. &#8220;Tras dos largos a\u00f1os nos merecemos que las cosas mejoren y parece que esa es la perspectiva que tenemos ante nosotros,&#8221; afirm\u00f3 el Scholz en una rueda de prensa en Berl\u00edn al t\u00e9rmino de la reuni\u00f3n con los gobiernos regionales.<\/p>\n<p>A pesar de la situaci\u00f3n de &#8220;optimismo y confianza&#8221; es necesario recordar que la pandemia no ha pasado, a\u00f1adi\u00f3. Scholz afirm\u00f3 que &#8220;la pr\u00f3xima variante puede estar a la vuelta de la esquina&#8221;, por lo que anim\u00f3 a los no vacunados a hacerlo ahora y se comprometi\u00f3 a seguir impulsando la legislaci\u00f3n para la vacunaci\u00f3n obligatoria, que &#8220;ser\u00e1 necesaria&#8221; para cuando &#8220;el tiempo vuelva a ser m\u00e1s fr\u00edo; los d\u00edas, m\u00e1s oscuros y las infecciones puedan aumentar de nuevo&#8221;.<\/p>\n<p>El primer paso del plan acordado este mi\u00e9rcoles es la autorizaci\u00f3n de reuniones privadas sin l\u00edmite de participantes -hasta ahora s\u00f3lo pod\u00edan congregarse diez personas-, siempre que los presentes est\u00e9n vacunados o hayan sanado del virus. Adem\u00e1s, desaparecer\u00e1n en los estados federados en los que todav\u00eda estaban en vigor las restricciones de acceso al comercio minorista, al que podr\u00e1n acudir tambi\u00e9n los no inmunizados sin necesidad de presentar test.<\/p>\n<p>A partir del 4 de marzo, y si la situaci\u00f3n en los hospitales lo permite, est\u00e1 previsto que las personas no vacunadas puedan acceder a bares y restaurantes con la presentaci\u00f3n de un test de ant\u00edgenos negativo y lo mismo ocurrir\u00e1 con los hoteles, donde volver\u00e1n a ser posibles las pernoctaciones de los no inmunizados. No obstante, el ocio nocturno seguir\u00e1 restringido a las personas vacunadas o sanadas, al igual que los grandes eventos, para los que no ser\u00e1 necesario presentar un test negativo de haber recibido el tercer pinchazo.<\/p>\n<p>Finalmente, a partir del 19 de marzo, podr\u00e1n participar en encuentros privados personas no inmunizadas y desaparecer\u00e1n el resto de medidas restrictivas todav\u00eda en vigor; tambi\u00e9n se levantar\u00e1 la obligaci\u00f3n de ofrecer teletrabajo a los empleados en las empresas en las que este sea posible.<\/p>\n<p>Hasta entonces, el Gobierno propondr\u00e1 un proyecto de ley que regule lo que Scholz denomin\u00f3 &#8220;protecci\u00f3n b\u00e1sica&#8221;, que servir\u00e1 para mantener la &#8220;capacidad de actuar&#8221; del Ejecutivo y de los poderes regionales en caso de que la situaci\u00f3n empeore. Seg\u00fan indic\u00f3 el canciller, aparte de regular el uso de mascarillas y la realizaci\u00f3n de test, esta &#8220;caja de herramientas&#8221; contendr\u00e1 medidas que no ser\u00e1n reglas est\u00e1ndar, sino que se podr\u00e1n activar en caso de necesidad.<\/p>\n<p>lgc (dpa\/efe\/ap)<\/p>\n<div class=\"venep-after-content venep-entity-placement\" id=\"venep-432736054\"><div id=\"venep-700246366\"><script async src=\"https:\/\/pagead2.googlesyndication.com\/pagead\/js\/adsbygoogle.js?client=ca-pub-5862940809620110\"\r\n     crossorigin=\"anonymous\"><\/script>\r\n<ins class=\"adsbygoogle\"\r\n     style=\"display:block\"\r\n     data-ad-format=\"fluid\"\r\n     data-ad-layout-key=\"-6t+ed+2i-1n-4w\"\r\n     data-ad-client=\"ca-pub-5862940809620110\"\r\n     data-ad-slot=\"7946604715\"><\/ins>\r\n<script>\r\n     (adsbygoogle = window.adsbygoogle || []).push({});\r\n<\/script><\/div><\/div>","protected":false},"excerpt":{"rendered":"<p>El Gobierno y los L\u00e4nder prev\u00e9n levantar las medidas completamente, tras tres fases sucesivas, el pr\u00f3ximo 20 de marzo.El Gobierno federal alem\u00e1n y los de los L\u00e4nder, los estados federados,&hellip; <\/p>\n","protected":false},"author":505,"featured_media":11964,"comment_status":"open","ping_status":"open","sticky":false,"template":"","format":"standard","meta":{"footnotes":""},"categories":[85],"tags":[],"class_list":["post-11963","post","type-post","status-publish","format-standard","has-post-thumbnail","hentry","category-politica"],"_links":{"self":[{"href":"https:\/\/veneportal.com\/noticias\/wp-json\/wp\/v2\/posts\/11963","targetHints":{"allow":["GET"]}}],"collection":[{"href":"https:\/\/veneportal.com\/noticias\/wp-json\/wp\/v2\/posts"}],"about":[{"href":"https:\/\/veneportal.com\/noticias\/wp-json\/wp\/v2\/types\/post"}],"author":[{"embeddable":true,"href":"https:\/\/veneportal.com\/noticias\/wp-json\/wp\/v2\/users\/505"}],"replies":[{"embeddable":true,"href":"https:\/\/veneportal.com\/noticias\/wp-json\/wp\/v2\/comments?post=11963"}],"version-history":[{"count":0,"href":"https:\/\/veneportal.com\/noticias\/wp-json\/wp\/v2\/posts\/11963\/revisions"}],"wp:featuredmedia":[{"embeddable":true,"href":"https:\/\/veneportal.com\/noticias\/wp-json\/wp\/v2\/media\/11964"}],"wp:attachment":[{"href":"https:\/\/veneportal.com\/noticias\/wp-json\/wp\/v2\/media?parent=11963"}],"wp:term":[{"taxonomy":"category","embeddable":true,"href":"https:\/\/veneportal.com\/noticias\/wp-json\/wp\/v2\/categories?post=11963"},{"taxonomy":"post_tag","embeddable":true,"href":"https:\/\/veneportal.com\/noticias\/wp-json\/wp\/v2\/tags?post=11963"}],"curies":[{"name":"wp","href":"https:\/\/api.w.org\/{rel}","templated":true}]}}