{"id":11937,"date":"2022-02-16T12:02:02","date_gmt":"2022-02-16T17:02:02","guid":{"rendered":"https:\/\/veneportal.com\/noticias\/2022\/02\/16\/norcorea-conmemoro-el-80-aniversario-del-dictador-kim-jong-il\/"},"modified":"2022-02-16T12:02:02","modified_gmt":"2022-02-16T17:02:02","slug":"norcorea-conmemoro-el-80-aniversario-del-dictador-kim-jong-il","status":"publish","type":"post","link":"https:\/\/veneportal.com\/noticias\/2022\/02\/16\/norcorea-conmemoro-el-80-aniversario-del-dictador-kim-jong-il\/","title":{"rendered":"Norcorea conmemor\u00f3 el 80 aniversario del dictador Kim Jong-il"},"content":{"rendered":"<p>Kim Jong-un presidi\u00f3 la celebraci\u00f3n del natalicio de su difunto padre, que por primera vez no tuvo lugar en Pyongyang.El l\u00edder norcoreano, Kim Jong-un, asisti\u00f3 en la v\u00edspera a un acto para celebrar los 80 a\u00f1os del nacimiento de su difunto padre, el anterior dictador del r\u00e9gimen Kim Jong-il, seg\u00fan informaron este mi\u00e9rcoles (16.02.2022) los medios estatales.<\/p>\n<p>La &#8220;congregaci\u00f3n nacional&#8221;, seg\u00fan calific\u00f3 el evento la agencia estatal KCNA, tuvo lugar el martes en la ciudad de Samjiyon, al noroeste del pa\u00eds, lo que supuso la primera ocasi\u00f3n en que esta conmemoraci\u00f3n no se celebra en Pionyang.<\/p>\n<p>El l\u00edder norcoreano asisti\u00f3 al evento acompa\u00f1ado de otros altos cargos el r\u00e9gimen, entre ellos su hermana Kim Yo-jong y Ri Il-hwan, miembro del comit\u00e9 central del Partido de los Trabajadores, y deposit\u00f3 una ofrenda floral frente a la estatua de Kim Jong-il ubicada en una plaza en Samjiyon, seg\u00fan KCNA.<\/p>\n<p>Jornada de tributos<\/p>\n<p>El medio estatal no inform\u00f3 sobre si Kim pronunci\u00f3 un discurso durante el evento, ni si visit\u00f3 como es su costumbre en esta fecha el mausoleo que guarda los restos embalsamados de su padre y de su abuelo, en el Palacio del Sol de Kumsusan de la capital norcoreana.<\/p>\n<p>El actual dictador norcoreano rinde tributo en esta fecha del nacimiento de su predecesor en el cargo con visitas al mausoleo cada a\u00f1o desde que lleg\u00f3 al poder a finales de 2011.<\/p>\n<p>Corea del Norte comenz\u00f3 la semana pasada a celebrar eventos culturales y ceremonias para conmemorar los 80 a\u00f1os del nacimiento de Kim Jong-il, mientras que los servicios de inteligencia surcoreanos han detectado tambi\u00e9n preparativos para un posible desfile militar del que por ahora no se tiene constancia.<\/p>\n<p>La fecha es especialmente significativa puesto que el r\u00e9gimen pone \u00e9nfasis en los aniversarios terminados en cero y cinco.<\/p>\n<p>Tras el fallecimiento de Kim Jong-il, Pionyang acogi\u00f3 actos de gran relieve en 2012 y 2017, cuando se celebraron respectivamente los 70 y 75 a\u00f1os del nacimiento del exmariscal, que en realidad vino al mundo en 1941 (no en 1942 como asegura el r\u00e9gimen) seg\u00fan muestran archivos sovi\u00e9ticos.<\/p>\n<p>Desfile del &#8220;Dia del sol&#8221;<\/p>\n<p>En los ensayos militares que han sido observados v\u00eda sat\u00e9lite no se ha detectado la presencia de veh\u00edculos militares, por lo que los expertos consideran que el r\u00e9gimen no optar\u00eda por exhibir ahora armas de destrucci\u00f3n masiva y que podr\u00edan corresponder en realidad a los preparativos para otro desfile que se celebrar\u00eda el 15 de abril.<\/p>\n<p>El pr\u00f3ximo 15 de abril -el &#8220;D\u00eda del sol&#8221;, la festividad nacional m\u00e1s importante- Corea del Norte conmemora el 110 aniversario del nacimiento de Kim Il-sung, padre de Kim Jong-il, abuelo del actual l\u00edder y fundador del pa\u00eds.<\/p>\n<p>jc (efe, reuters)<\/p>\n<div class=\"venep-after-content venep-entity-placement\" id=\"venep-3734709589\"><div id=\"venep-1624588973\"><script async src=\"https:\/\/pagead2.googlesyndication.com\/pagead\/js\/adsbygoogle.js?client=ca-pub-5862940809620110\"\r\n     crossorigin=\"anonymous\"><\/script>\r\n<ins class=\"adsbygoogle\"\r\n     style=\"display:block\"\r\n     data-ad-format=\"fluid\"\r\n     data-ad-layout-key=\"-6t+ed+2i-1n-4w\"\r\n     data-ad-client=\"ca-pub-5862940809620110\"\r\n     data-ad-slot=\"7946604715\"><\/ins>\r\n<script>\r\n     (adsbygoogle = window.adsbygoogle || []).push({});\r\n<\/script><\/div><\/div>","protected":false},"excerpt":{"rendered":"<p>Kim Jong-un presidi\u00f3 la celebraci\u00f3n del natalicio de su difunto padre, que por primera vez no tuvo lugar en Pyongyang.El l\u00edder norcoreano, Kim Jong-un, asisti\u00f3 en la v\u00edspera a un&hellip; <\/p>\n","protected":false},"author":505,"featured_media":11938,"comment_status":"open","ping_status":"open","sticky":false,"template":"","format":"standard","meta":{"footnotes":""},"categories":[85],"tags":[],"class_list":["post-11937","post","type-post","status-publish","format-standard","has-post-thumbnail","hentry","category-politica"],"_links":{"self":[{"href":"https:\/\/veneportal.com\/noticias\/wp-json\/wp\/v2\/posts\/11937","targetHints":{"allow":["GET"]}}],"collection":[{"href":"https:\/\/veneportal.com\/noticias\/wp-json\/wp\/v2\/posts"}],"about":[{"href":"https:\/\/veneportal.com\/noticias\/wp-json\/wp\/v2\/types\/post"}],"author":[{"embeddable":true,"href":"https:\/\/veneportal.com\/noticias\/wp-json\/wp\/v2\/users\/505"}],"replies":[{"embeddable":true,"href":"https:\/\/veneportal.com\/noticias\/wp-json\/wp\/v2\/comments?post=11937"}],"version-history":[{"count":0,"href":"https:\/\/veneportal.com\/noticias\/wp-json\/wp\/v2\/posts\/11937\/revisions"}],"wp:featuredmedia":[{"embeddable":true,"href":"https:\/\/veneportal.com\/noticias\/wp-json\/wp\/v2\/media\/11938"}],"wp:attachment":[{"href":"https:\/\/veneportal.com\/noticias\/wp-json\/wp\/v2\/media?parent=11937"}],"wp:term":[{"taxonomy":"category","embeddable":true,"href":"https:\/\/veneportal.com\/noticias\/wp-json\/wp\/v2\/categories?post=11937"},{"taxonomy":"post_tag","embeddable":true,"href":"https:\/\/veneportal.com\/noticias\/wp-json\/wp\/v2\/tags?post=11937"}],"curies":[{"name":"wp","href":"https:\/\/api.w.org\/{rel}","templated":true}]}}