{"id":11908,"date":"2022-02-16T00:02:02","date_gmt":"2022-02-16T05:02:02","guid":{"rendered":"https:\/\/veneportal.com\/noticias\/2022\/02\/16\/baerbock-sobre-el-anuncio-ruso-seria-una-buena-senal\/"},"modified":"2022-02-16T00:02:02","modified_gmt":"2022-02-16T05:02:02","slug":"baerbock-sobre-el-anuncio-ruso-seria-una-buena-senal","status":"publish","type":"post","link":"https:\/\/veneportal.com\/noticias\/2022\/02\/16\/baerbock-sobre-el-anuncio-ruso-seria-una-buena-senal\/","title":{"rendered":"Baerbock sobre el anuncio ruso: &#8220;ser\u00eda una buena se\u00f1al&#8221;"},"content":{"rendered":"<p>La ministra alemana de Exteriores recibi\u00f3 con cautela el anuncio ruso de la retirada parcial de tropas durante su reuni\u00f3n con su hom\u00f3logo espa\u00f1ol en Madrid.La ministra de Relaciones Exteriores de Alemania, Annalena Baerbock, recibi\u00f3 con cautela el anuncio ruso sobre la retirada de parte de las tropas desplegadas en zonas cercanas a la frontera con Ucrania. &#8220;Cada paso genuino para desescalar la situaci\u00f3n es un motivo de esperanza&#8221;, dijo Baerbock el martes (15.02.2022) durante una visita a Espa\u00f1a.<\/p>\n<p>&#8220;Si de verdad se trata de una peque\u00f1a desescalada&#8221; entonces &#8220;ser\u00eda una excelente noticia&#8221;, coincidi\u00f3 el ministro espa\u00f1ol de Exteriores, Jos\u00e9 Manuel Albares, durante una rueda de prensa conjunta con Baerbock en Madrid. Ambos insistieron en que todav\u00eda se est\u00e1 &#8220;verificando&#8221; si es cierto el anuncio y confi\u00f3 en que sea un paso m\u00e1s para que se solucione el conflicto por la v\u00eda diplom\u00e1tica.<\/p>\n<p>Los anuncios de la parte rusa deben verificarse cuidadosamente, agreg\u00f3 Baerbock. Este en concreto se produjo despu\u00e9s de que el canciller alem\u00e1n, Olaf Scholz, se reuniera con el presidente ruso, Vladimir Putin, en Mosc\u00fa para conversar sobre la crisis de Ucrania. Rusia anunci\u00f3 que empezaba a retirar hoy sus tropas desde zonas pr\u00f3ximas a la frontera con Ucrania, mientras por otro lado su Duma, la c\u00e1mara baja parlamentaria, pidi\u00f3 al presidente Putin que reconozca la independencia de las autoproclamadas rep\u00fablicas populares de Donetsk y Lugansk, en el este de Ucrania. <\/p>\n<p>Baerbock coincidi\u00f3 con Albares en que &#8220;la salida a esta situaci\u00f3n solo puede darse a trav\u00e9s de conversaciones&#8221; y en que &#8220;toca a Rusia optar por la senda de la desescalada y acompa\u00f1arlo con pasos concretos como la retirada de tropas&#8221;. La ministra alemana se\u00f1al\u00f3 asimismo que las informaciones sobre un repliegue de tropas ruso est\u00e1n siendo verificadas para saber &#8220;si son veraces o rumores&#8221; y que si se confirman &#8220;ser\u00eda una se\u00f1al muy buena&#8221;. No obstante, Baerbock a\u00f1adi\u00f3 que al margen de la presencia de las tropas tambi\u00e9n ha habido &#8220;ataques h\u00edbridos en el pasado&#8221; y que ante las &#8220;amenazas diversas&#8221;, la UE est\u00e1 preparada &#8220;para todos los escenarios&#8221;. <\/p>\n<p>Albares resalt\u00f3 que &#8220;ni la UE ni la OTAN tienen agendas ocultas ni intereses ocultos&#8221; y que en Europa &#8220;no caben medios coercitivos ni amenazas para resolver las controversias&#8221;, por lo que &#8220;es Rusia quien tiene que llevar a cabo la desescalada&#8221; pues el despliegue de 130.000 soldados en la frontera ucrania &#8220;no responde a ninguna necesidad defensiva y no tiene raz\u00f3n de ser&#8221;. &#8220;La guerra es evitable&#8221;, subray\u00f3 el ministro espa\u00f1ol.<\/p>\n<p>lgc (dpa\/efe\/Reuters)<\/p>\n<div class=\"venep-after-content venep-entity-placement\" id=\"venep-460647836\"><div id=\"venep-2188877595\"><script async src=\"https:\/\/pagead2.googlesyndication.com\/pagead\/js\/adsbygoogle.js?client=ca-pub-5862940809620110\"\r\n     crossorigin=\"anonymous\"><\/script>\r\n<ins class=\"adsbygoogle\"\r\n     style=\"display:block\"\r\n     data-ad-format=\"fluid\"\r\n     data-ad-layout-key=\"-6t+ed+2i-1n-4w\"\r\n     data-ad-client=\"ca-pub-5862940809620110\"\r\n     data-ad-slot=\"7946604715\"><\/ins>\r\n<script>\r\n     (adsbygoogle = window.adsbygoogle || []).push({});\r\n<\/script><\/div><\/div>","protected":false},"excerpt":{"rendered":"<p>La ministra alemana de Exteriores recibi\u00f3 con cautela el anuncio ruso de la retirada parcial de tropas durante su reuni\u00f3n con su hom\u00f3logo espa\u00f1ol en Madrid.La ministra de Relaciones Exteriores&hellip; <\/p>\n","protected":false},"author":505,"featured_media":11909,"comment_status":"open","ping_status":"open","sticky":false,"template":"","format":"standard","meta":{"footnotes":""},"categories":[85],"tags":[],"class_list":["post-11908","post","type-post","status-publish","format-standard","has-post-thumbnail","hentry","category-politica"],"_links":{"self":[{"href":"https:\/\/veneportal.com\/noticias\/wp-json\/wp\/v2\/posts\/11908","targetHints":{"allow":["GET"]}}],"collection":[{"href":"https:\/\/veneportal.com\/noticias\/wp-json\/wp\/v2\/posts"}],"about":[{"href":"https:\/\/veneportal.com\/noticias\/wp-json\/wp\/v2\/types\/post"}],"author":[{"embeddable":true,"href":"https:\/\/veneportal.com\/noticias\/wp-json\/wp\/v2\/users\/505"}],"replies":[{"embeddable":true,"href":"https:\/\/veneportal.com\/noticias\/wp-json\/wp\/v2\/comments?post=11908"}],"version-history":[{"count":0,"href":"https:\/\/veneportal.com\/noticias\/wp-json\/wp\/v2\/posts\/11908\/revisions"}],"wp:featuredmedia":[{"embeddable":true,"href":"https:\/\/veneportal.com\/noticias\/wp-json\/wp\/v2\/media\/11909"}],"wp:attachment":[{"href":"https:\/\/veneportal.com\/noticias\/wp-json\/wp\/v2\/media?parent=11908"}],"wp:term":[{"taxonomy":"category","embeddable":true,"href":"https:\/\/veneportal.com\/noticias\/wp-json\/wp\/v2\/categories?post=11908"},{"taxonomy":"post_tag","embeddable":true,"href":"https:\/\/veneportal.com\/noticias\/wp-json\/wp\/v2\/tags?post=11908"}],"curies":[{"name":"wp","href":"https:\/\/api.w.org\/{rel}","templated":true}]}}