{"id":11858,"date":"2022-02-15T05:02:01","date_gmt":"2022-02-15T10:02:01","guid":{"rendered":"https:\/\/veneportal.com\/noticias\/2022\/02\/15\/presidente-peruano-utilizara-militares-para-combatir-delincuencia-callejera\/"},"modified":"2022-02-15T05:02:01","modified_gmt":"2022-02-15T10:02:01","slug":"presidente-peruano-utilizara-militares-para-combatir-delincuencia-callejera","status":"publish","type":"post","link":"https:\/\/veneportal.com\/noticias\/2022\/02\/15\/presidente-peruano-utilizara-militares-para-combatir-delincuencia-callejera\/","title":{"rendered":"Presidente peruano utilizar\u00e1 militares para combatir delincuencia callejera"},"content":{"rendered":"<p>A fines de enero el gobierno de Pedro Castillo hab\u00eda decretado el estado de emergencia, a pedido de varios alcaldes distritales, para contener la creciente ola delictiva.El presidente peruano, Pedro Castillo, anunci\u00f3 la noche del lunes (14.02.2022) que ordenar\u00e1 a las Fuerzas Armadas que colaboren en los operativos realizados por la polic\u00eda contra la delincuencia, en el marco de un estado de emergencia por la inseguridad ciudadana decretado en Lima y en el vecino puerto del Callao.<\/p>\n<p>&#8220;Vamos a sacar a las Fuerzas Armadas para combatir al delincuente chico y al delincuente grande, no podemos frenarla de otra forma si no hacemos una tarea conjunta&#8221;, dijo Castillo, vestido con un chaleco antibalas y acompa\u00f1ado de generales de la Polic\u00eda durante un operativo contra la delincuencia en el populoso distrito El Agustino, cerca del centro de Lima.<\/p>\n<p>A finales de enero ya el gobierno peruano hab\u00eda decretado el estado de emergencia por inseguridad en la capital peruana, a pedido de varios alcaldes distritales para contener la creciente ola delictiva.<\/p>\n<p>En ese entonces, ya se hab\u00eda explicado que tanto los gobiernos locales como las Fuerzas Armadas pueden apoyar el trabajo que realiza la polic\u00eda.<\/p>\n<p>Pese a ello, los militares no han participado hasta la fecha en las acciones policiales, como en el arresto de bandas de ladrones o traficantes de drogas, entre otros numerosos operativos realizados en Lima las \u00faltimas tres semanas y difundidos profusamente por las autoridades.<\/p>\n<p>Para lograr la participaci\u00f3n de los militares Castillo pidi\u00f3 &#8220;al se\u00f1or ministro del Interior que coordinemos de una vez por todas no solamente para tener a la Polic\u00eda, porque no todo es la responsabilidad de la Polic\u00eda&#8221;.<\/p>\n<p>El anuncio se produce cuando un sondeo de Ipsos indica que Castillo alcanz\u00f3 su mayor desaprobaci\u00f3n con 69% de rechazo en siete meses de gesti\u00f3n, contra una aprobaci\u00f3n de solo 25%.<\/p>\n<p>Bajo el estado de emergencia se restringen los derechos ciudadanos como la inviolabilidad del domicilio y las libertades de tr\u00e1nsito y de reuni\u00f3n, lo que permite a polic\u00edas y militares a ingresar a viviendas en busca de sospechosos sin orden judicial. <\/p>\n<p>Seg\u00fan el Informe Urbano de Percepci\u00f3n Ciudadana en Lima y Callao 2021, elaborado por la ONG Lima C\u00f3mo Vamos, siete de cada diez lime\u00f1os considera que la inseguridad es el principal problema en esta capital de 10 millones de habitantes.<\/p>\n<p>De acuerdo con una reciente encuesta de Ipsos, el 56% de los consultados cree que bajo el gobierno de Castillo la sensaci\u00f3n de seguridad ha empeorado en Per\u00fa, un 39% cree que est\u00e1 igual que antes y solamente 4% que ha mejorado.<\/p>\n<p>gs (afp, Andina, La Rep\u00fablica)<\/p>\n<div class=\"venep-after-content venep-entity-placement\" id=\"venep-4067312734\"><div id=\"venep-47080822\"><script async src=\"https:\/\/pagead2.googlesyndication.com\/pagead\/js\/adsbygoogle.js?client=ca-pub-5862940809620110\"\r\n     crossorigin=\"anonymous\"><\/script>\r\n<ins class=\"adsbygoogle\"\r\n     style=\"display:block\"\r\n     data-ad-format=\"fluid\"\r\n     data-ad-layout-key=\"-6t+ed+2i-1n-4w\"\r\n     data-ad-client=\"ca-pub-5862940809620110\"\r\n     data-ad-slot=\"7946604715\"><\/ins>\r\n<script>\r\n     (adsbygoogle = window.adsbygoogle || []).push({});\r\n<\/script><\/div><\/div>","protected":false},"excerpt":{"rendered":"<p>A fines de enero el gobierno de Pedro Castillo hab\u00eda decretado el estado de emergencia, a pedido de varios alcaldes distritales, para contener la creciente ola delictiva.El presidente peruano, Pedro&hellip; <\/p>\n","protected":false},"author":505,"featured_media":11859,"comment_status":"open","ping_status":"open","sticky":false,"template":"","format":"standard","meta":{"footnotes":""},"categories":[84],"tags":[],"class_list":["post-11858","post","type-post","status-publish","format-standard","has-post-thumbnail","hentry","category-america-latina"],"_links":{"self":[{"href":"https:\/\/veneportal.com\/noticias\/wp-json\/wp\/v2\/posts\/11858","targetHints":{"allow":["GET"]}}],"collection":[{"href":"https:\/\/veneportal.com\/noticias\/wp-json\/wp\/v2\/posts"}],"about":[{"href":"https:\/\/veneportal.com\/noticias\/wp-json\/wp\/v2\/types\/post"}],"author":[{"embeddable":true,"href":"https:\/\/veneportal.com\/noticias\/wp-json\/wp\/v2\/users\/505"}],"replies":[{"embeddable":true,"href":"https:\/\/veneportal.com\/noticias\/wp-json\/wp\/v2\/comments?post=11858"}],"version-history":[{"count":0,"href":"https:\/\/veneportal.com\/noticias\/wp-json\/wp\/v2\/posts\/11858\/revisions"}],"wp:featuredmedia":[{"embeddable":true,"href":"https:\/\/veneportal.com\/noticias\/wp-json\/wp\/v2\/media\/11859"}],"wp:attachment":[{"href":"https:\/\/veneportal.com\/noticias\/wp-json\/wp\/v2\/media?parent=11858"}],"wp:term":[{"taxonomy":"category","embeddable":true,"href":"https:\/\/veneportal.com\/noticias\/wp-json\/wp\/v2\/categories?post=11858"},{"taxonomy":"post_tag","embeddable":true,"href":"https:\/\/veneportal.com\/noticias\/wp-json\/wp\/v2\/tags?post=11858"}],"curies":[{"name":"wp","href":"https:\/\/api.w.org\/{rel}","templated":true}]}}