{"id":11723,"date":"2022-02-12T00:02:03","date_gmt":"2022-02-12T05:02:03","guid":{"rendered":"https:\/\/veneportal.com\/noticias\/2022\/02\/12\/prision-para-joven-que-planeo-ataque-a-universidad-de-lisboa\/"},"modified":"2022-02-12T00:02:03","modified_gmt":"2022-02-12T05:02:03","slug":"prision-para-joven-que-planeo-ataque-a-universidad-de-lisboa","status":"publish","type":"post","link":"https:\/\/veneportal.com\/noticias\/2022\/02\/12\/prision-para-joven-que-planeo-ataque-a-universidad-de-lisboa\/","title":{"rendered":"Prisi\u00f3n para joven que plane\u00f3 ataque a Universidad de Lisboa"},"content":{"rendered":"<p>La autoridad judicial decret\u00f3 prisi\u00f3n preventiva para el joven estudiante luso que fue detenido ayer, jueves, ya que, presuntamente, planeaba cometer este viernes (11.02.2022) un atentado en la facultad de Ciencias de la Universidad de Lisboa.<\/p>\n<p>Seg\u00fan el Tribunal Central de Instrucci\u00f3n Criminal (TCIC), el alumno, de 18 a\u00f1os, permanecer\u00e1 en prisi\u00f3n ante los &#8220;fuertes indicios&#8221; de que el detenido pudiera cometer alg\u00fan acto terrorista. Agentes de la Polic\u00eda Judicial (PJ) lo detuvieron el jueves y comprobaron que ten\u00eda armas en su poder y un plan escrito para atentar en la Universidad de Lisboa.<\/p>\n<p>Al parecer, seg\u00fan un comunicado de la PJ, el atentado estar\u00eda dirigido a estudiantes de la propia universidad lisboeta.<\/p>\n<p>Adem\u00e1s, durante los registros realizados en el marco de la operaci\u00f3n, se encontraron &#8220;vastos elementos de prueba&#8221; y, seg\u00fan medios locales, ocultaba un arsenal con cuchillos, un arco, flechas y gasolina, entre otros materiales con los que planeaba atentar.<\/p>\n<p>El presidente de Portugal, Marcelo Rebelo de Sousa, elogi\u00f3 desde Brest (Francia), donde particip\u00f3 en la &#8220;One Ocean Summit&#8221;, la labor &#8220;eficaz&#8221; desarrollada por la PJ, tras la detenci\u00f3n del joven que, presuntamente, pretend\u00eda cometer un atentado.<\/p>\n<p>Por su parte, el decano de la Facultad de Ciencias de la Universidad de Lisboa, Luis Carri\u00e7o, insisti\u00f3 en que &#8220;la seguridad de los alumnos y trabajadores nunca estuvo en juego&#8221;. (EFE)<\/p>\n<div class=\"venep-after-content venep-entity-placement\" id=\"venep-638059501\"><div id=\"venep-3699189449\"><script async src=\"https:\/\/pagead2.googlesyndication.com\/pagead\/js\/adsbygoogle.js?client=ca-pub-5862940809620110\"\r\n     crossorigin=\"anonymous\"><\/script>\r\n<ins class=\"adsbygoogle\"\r\n     style=\"display:block\"\r\n     data-ad-format=\"fluid\"\r\n     data-ad-layout-key=\"-6t+ed+2i-1n-4w\"\r\n     data-ad-client=\"ca-pub-5862940809620110\"\r\n     data-ad-slot=\"7946604715\"><\/ins>\r\n<script>\r\n     (adsbygoogle = window.adsbygoogle || []).push({});\r\n<\/script><\/div><\/div>","protected":false},"excerpt":{"rendered":"<p>La autoridad judicial decret\u00f3 prisi\u00f3n preventiva para el joven estudiante luso que fue detenido ayer, jueves, ya que, presuntamente, planeaba cometer este viernes (11.02.2022) un atentado en la facultad de&hellip; <\/p>\n","protected":false},"author":505,"featured_media":11724,"comment_status":"open","ping_status":"open","sticky":false,"template":"","format":"standard","meta":{"footnotes":""},"categories":[85],"tags":[],"class_list":["post-11723","post","type-post","status-publish","format-standard","has-post-thumbnail","hentry","category-politica"],"_links":{"self":[{"href":"https:\/\/veneportal.com\/noticias\/wp-json\/wp\/v2\/posts\/11723","targetHints":{"allow":["GET"]}}],"collection":[{"href":"https:\/\/veneportal.com\/noticias\/wp-json\/wp\/v2\/posts"}],"about":[{"href":"https:\/\/veneportal.com\/noticias\/wp-json\/wp\/v2\/types\/post"}],"author":[{"embeddable":true,"href":"https:\/\/veneportal.com\/noticias\/wp-json\/wp\/v2\/users\/505"}],"replies":[{"embeddable":true,"href":"https:\/\/veneportal.com\/noticias\/wp-json\/wp\/v2\/comments?post=11723"}],"version-history":[{"count":0,"href":"https:\/\/veneportal.com\/noticias\/wp-json\/wp\/v2\/posts\/11723\/revisions"}],"wp:featuredmedia":[{"embeddable":true,"href":"https:\/\/veneportal.com\/noticias\/wp-json\/wp\/v2\/media\/11724"}],"wp:attachment":[{"href":"https:\/\/veneportal.com\/noticias\/wp-json\/wp\/v2\/media?parent=11723"}],"wp:term":[{"taxonomy":"category","embeddable":true,"href":"https:\/\/veneportal.com\/noticias\/wp-json\/wp\/v2\/categories?post=11723"},{"taxonomy":"post_tag","embeddable":true,"href":"https:\/\/veneportal.com\/noticias\/wp-json\/wp\/v2\/tags?post=11723"}],"curies":[{"name":"wp","href":"https:\/\/api.w.org\/{rel}","templated":true}]}}