{"id":11668,"date":"2022-02-11T05:00:02","date_gmt":"2022-02-11T10:00:02","guid":{"rendered":"https:\/\/veneportal.com\/noticias\/2022\/02\/11\/cuba-yailen-insua-ruega-por-asilo-en-aeropuerto-de-colombia-2\/"},"modified":"2022-02-11T05:00:02","modified_gmt":"2022-02-11T10:00:02","slug":"cuba-yailen-insua-ruega-por-asilo-en-aeropuerto-de-colombia-2","status":"publish","type":"post","link":"https:\/\/veneportal.com\/noticias\/2022\/02\/11\/cuba-yailen-insua-ruega-por-asilo-en-aeropuerto-de-colombia-2\/","title":{"rendered":"Cuba: Yail\u00e9n Ins\u00faa ruega por asilo en Aeropuerto de Colombia"},"content":{"rendered":"<p>La periodista dijo que la persecuci\u00f3n en su contra inici\u00f3 cuando investig\u00f3 temas sensibles para el oficialismo cubano.Una periodista de uno de los medios oficialistas del Gobierno cubano completa cinco d\u00edas rogando asilo en Colombia despu\u00e9s de huir de su pa\u00eds, seg\u00fan denunci\u00f3 este jueves (10.02.2022) ante la prensa colombiana.<\/p>\n<p>Yail\u00e9n Ins\u00faa, que ofici\u00f3 como presentadora en la estatal Televisi\u00f3n Cubana, aleg\u00f3 este jueves estar varada desde el 5 de febrero en el aeropuerto El Dorado de Bogot\u00e1 tras abandonar la isla caribe\u00f1a.<\/p>\n<p>En una entrevista a medios locales, Ins\u00faa narr\u00f3 que dej\u00f3 Cuba debido a reiterados intentos de censura por parte del Gobierno. &#8220;No pod\u00eda trabajar, no pod\u00eda publicar nada hasta que decido con mi esposo (&#8230;) salir del pa\u00eds&#8221;, explic\u00f3, al agregar que pasa sus jornadas durmiendo en el suelo.<\/p>\n<p>La persecuci\u00f3n en su contra inici\u00f3, dice, cuando investig\u00f3 temas sensibles para el oficialismo. &#8220;Publicaba cosas que estaban censuradas y esto me gener\u00f3 muchos problemas con el sistema pol\u00edtico cubano&#8221;, agreg\u00f3.<\/p>\n<p>Asimismo, aleg\u00f3 que su idea inicial era hacer escala en la capital colombiana para luego viajar a Nicaragua, donde no necesita visa de entrada, pero la aerol\u00ednea le impidi\u00f3 subirse al avi\u00f3n. Me dicen &#8220;que no puedo abordar porque Nicaragua no autoriza mi entrada a su pa\u00eds&#8221;, se\u00f1al\u00f3. &#8220;Le ped\u00ed asilo al Gobierno porque no voy a regresar a Cuba, ni aunque me amarren (&#8230;) porque mi vida peligra&#8221;, sostuvo.<\/p>\n<p>Consultado por la agencia AFP, un portavoz de la Canciller\u00eda de Colombia afirm\u00f3 que no es de la competencia de esa entidad &#8220;tramitar solicitudes de refugio que presenten extranjeros que se encuentren en zonas de tr\u00e1nsito&#8221;. Por su parte, Migraci\u00f3n Colombia respondi\u00f3 que &#8220;la prohibici\u00f3n de embarque es por cuenta de la aerol\u00ednea (&#8230;) y debe ser por alg\u00fan tema de documentos o una decisi\u00f3n de Nicaragua de no recibirla&#8221;. Los cubanos deben tener un visado para entrar en Colombia.<\/p>\n<p>La Fundaci\u00f3n Andina para la Observaci\u00f3n y Estudio de Medios (FUNDAMEDIOS) alert\u00f3 a finales de 2021 que Cuba est\u00e1 entre un pu\u00f1ado de pa\u00edses en los que existe un &#8220;discurso estigmatizante&#8221; hacia periodistas y donde los l\u00edderes pol\u00edticos &#8220;se han encargado de desacreditar la labor de la prensa&#8221;. El acoso, seg\u00fan FUNDAMEDIOS, se ha materializado en ataques y agresiones.<\/p>\n<p>ama (afp, el tiempo, 14 y medio, rcn)<\/p>\n<div class=\"venep-after-content venep-entity-placement\" id=\"venep-3068331531\"><div id=\"venep-1673457007\"><a href=\"https:\/\/veneportal.com\/clasificados\/listing\/ary-b-ilustraciones\/\" aria-label=\"ari b ilustraciones\"><img src=\"https:\/\/veneportal.com\/noticias\/wp-content\/uploads\/sites\/2\/2021\/07\/4.png\" alt=\"ari b ilustraciones\"  width=\"300\" height=\"250\"   \/><\/a><\/div><\/div>","protected":false},"excerpt":{"rendered":"<p>La periodista dijo que la persecuci\u00f3n en su contra inici\u00f3 cuando investig\u00f3 temas sensibles para el oficialismo cubano.Una periodista de uno de los medios oficialistas del Gobierno cubano completa cinco&hellip; <\/p>\n","protected":false},"author":505,"featured_media":11573,"comment_status":"open","ping_status":"open","sticky":false,"template":"","format":"standard","meta":{"footnotes":""},"categories":[84],"tags":[],"class_list":["post-11668","post","type-post","status-publish","format-standard","has-post-thumbnail","hentry","category-america-latina"],"_links":{"self":[{"href":"https:\/\/veneportal.com\/noticias\/wp-json\/wp\/v2\/posts\/11668","targetHints":{"allow":["GET"]}}],"collection":[{"href":"https:\/\/veneportal.com\/noticias\/wp-json\/wp\/v2\/posts"}],"about":[{"href":"https:\/\/veneportal.com\/noticias\/wp-json\/wp\/v2\/types\/post"}],"author":[{"embeddable":true,"href":"https:\/\/veneportal.com\/noticias\/wp-json\/wp\/v2\/users\/505"}],"replies":[{"embeddable":true,"href":"https:\/\/veneportal.com\/noticias\/wp-json\/wp\/v2\/comments?post=11668"}],"version-history":[{"count":0,"href":"https:\/\/veneportal.com\/noticias\/wp-json\/wp\/v2\/posts\/11668\/revisions"}],"wp:featuredmedia":[{"embeddable":true,"href":"https:\/\/veneportal.com\/noticias\/wp-json\/wp\/v2\/media\/11573"}],"wp:attachment":[{"href":"https:\/\/veneportal.com\/noticias\/wp-json\/wp\/v2\/media?parent=11668"}],"wp:term":[{"taxonomy":"category","embeddable":true,"href":"https:\/\/veneportal.com\/noticias\/wp-json\/wp\/v2\/categories?post=11668"},{"taxonomy":"post_tag","embeddable":true,"href":"https:\/\/veneportal.com\/noticias\/wp-json\/wp\/v2\/tags?post=11668"}],"curies":[{"name":"wp","href":"https:\/\/api.w.org\/{rel}","templated":true}]}}