{"id":11598,"date":"2022-02-11T00:00:02","date_gmt":"2022-02-11T05:00:02","guid":{"rendered":"https:\/\/veneportal.com\/noticias\/2022\/02\/11\/berlin-criticas-a-policia-por-reaccion-a-ataque-a-joven\/"},"modified":"2022-02-11T00:00:02","modified_gmt":"2022-02-11T05:00:02","slug":"berlin-criticas-a-policia-por-reaccion-a-ataque-a-joven","status":"publish","type":"post","link":"https:\/\/veneportal.com\/noticias\/2022\/02\/11\/berlin-criticas-a-policia-por-reaccion-a-ataque-a-joven\/","title":{"rendered":"Berl\u00edn: cr\u00edticas a polic\u00eda por reacci\u00f3n a ataque a joven"},"content":{"rendered":"<p>La polic\u00eda de Berl\u00edn busca a tres de los agresores de una joven de 17 a\u00f1os que fue agredida en un presunto incidente xen\u00f3fobo, cuyo tratamiento por parte de los propios agentes y de los medios de comunicaci\u00f3n ha causado una oleada de indignaci\u00f3n en Alemania. Seg\u00fan declaraciones de un portavoz policial recogidas este jueves (10.02.2022) por los medios, tres de los seis agresores ya han podido ser identificados y el grupo est\u00e1 bajo investigaci\u00f3n por insultos racistas y lesiones corporales.<\/p>\n<p>El caso ocurri\u00f3 el s\u00e1bado pasado en una parada de tranv\u00eda de la capital, donde una adolescente alemana de ra\u00edces turcas fue golpeada por seis adultos hasta el punto de que tuvo que ser ingresada en el hospital con una conmoci\u00f3n cerebral y traumatismos en la cabeza y en el est\u00f3mago. En una informaci\u00f3n de la polic\u00eda fechada el d\u00eda siguiente se indicaba que se hab\u00eda producido una &#8220;disputa&#8221; despu\u00e9s de que el grupo &#8220;se hubiese dirigido a la adolescente a causa de que no llevaba mascarilla&#8221;.<\/p>\n<p>Agencias y otros medios de comunicaci\u00f3n se hicieron eco de la noticia centr\u00e1ndose en la presunta falta de la joven y omitiendo el detalle de que durante la agresi\u00f3n se hab\u00edan producido insultos de car\u00e1cter xen\u00f3fobo. En vista de la gran difusi\u00f3n que tuvo la noticia, la adolescente tom\u00f3 la palabra el mi\u00e9rcoles a trav\u00e9s de un video de Instagram grabado en su habitaci\u00f3n del hospital, en el que rebat\u00eda la versi\u00f3n policial y contaba entre l\u00e1grimas que, a pesar de sus gritos de auxilio, nadie hab\u00eda acudido en su ayuda.<\/p>\n<p>Seg\u00fan indic\u00f3, tres de los agresores, fuertemente alcoholizados, la llamaron &#8220;sucia extranjera&#8221; y la conminaron a &#8220;volver a su pa\u00eds&#8221;; se bajaron en su parada y dos de ellos la sujetaron por los brazos mientras el resto del grupo la golpeaban. Despu\u00e9s de que el video acumulase millones de visualizaciones, la polic\u00eda reconoci\u00f3 que la denuncia presentada en el lugar de los hechos hab\u00eda sido redactada de forma &#8220;ambigua&#8221; y revel\u00f3 que, seg\u00fan los videos del incidente, la joven agredida s\u00ed que portaba mascarilla en el interior del tranv\u00eda, al contrario que los presuntos atacantes.<\/p>\n<p>El caso ha vuelto a avivar el debate sobre el papel de la polic\u00eda y de los medios de comunicaci\u00f3n en Alemania ante el racismo y la xenofobia y muchos usuarios en redes sociales recriminaron a estos \u00faltimos no haber investigado por su cuenta el incidente antes de difundir la noticia. (EFE)<\/p>\n<div class=\"venep-after-content venep-entity-placement\" id=\"venep-869968523\"><div id=\"venep-1117812395\"><a href=\"https:\/\/www.silverstarfinancialservices.com\/\" aria-label=\"silverstar financial\"><img src=\"https:\/\/veneportal.com\/noticias\/wp-content\/uploads\/sites\/2\/2022\/06\/silverstar-financial-2.png\" alt=\"silverstar financial\"  srcset=\"https:\/\/veneportal.com\/noticias\/wp-content\/uploads\/sites\/2\/2022\/06\/silverstar-financial-2.png 1748w, https:\/\/veneportal.com\/noticias\/wp-content\/uploads\/sites\/2\/2022\/06\/silverstar-financial-2-300x213.png 300w, https:\/\/veneportal.com\/noticias\/wp-content\/uploads\/sites\/2\/2022\/06\/silverstar-financial-2-1024x726.png 1024w, https:\/\/veneportal.com\/noticias\/wp-content\/uploads\/sites\/2\/2022\/06\/silverstar-financial-2-768x545.png 768w, https:\/\/veneportal.com\/noticias\/wp-content\/uploads\/sites\/2\/2022\/06\/silverstar-financial-2-1536x1090.png 1536w, https:\/\/veneportal.com\/noticias\/wp-content\/uploads\/sites\/2\/2022\/06\/silverstar-financial-2-600x426.png 600w\" sizes=\"(max-width: 1748px) 100vw, 1748px\" width=\"559\" height=\"397\"   \/><\/a><\/div><\/div>","protected":false},"excerpt":{"rendered":"<p>La polic\u00eda de Berl\u00edn busca a tres de los agresores de una joven de 17 a\u00f1os que fue agredida en un presunto incidente xen\u00f3fobo, cuyo tratamiento por parte de los&hellip; <\/p>\n","protected":false},"author":505,"featured_media":11599,"comment_status":"open","ping_status":"open","sticky":false,"template":"","format":"standard","meta":{"footnotes":""},"categories":[85],"tags":[],"class_list":["post-11598","post","type-post","status-publish","format-standard","has-post-thumbnail","hentry","category-politica"],"_links":{"self":[{"href":"https:\/\/veneportal.com\/noticias\/wp-json\/wp\/v2\/posts\/11598","targetHints":{"allow":["GET"]}}],"collection":[{"href":"https:\/\/veneportal.com\/noticias\/wp-json\/wp\/v2\/posts"}],"about":[{"href":"https:\/\/veneportal.com\/noticias\/wp-json\/wp\/v2\/types\/post"}],"author":[{"embeddable":true,"href":"https:\/\/veneportal.com\/noticias\/wp-json\/wp\/v2\/users\/505"}],"replies":[{"embeddable":true,"href":"https:\/\/veneportal.com\/noticias\/wp-json\/wp\/v2\/comments?post=11598"}],"version-history":[{"count":0,"href":"https:\/\/veneportal.com\/noticias\/wp-json\/wp\/v2\/posts\/11598\/revisions"}],"wp:featuredmedia":[{"embeddable":true,"href":"https:\/\/veneportal.com\/noticias\/wp-json\/wp\/v2\/media\/11599"}],"wp:attachment":[{"href":"https:\/\/veneportal.com\/noticias\/wp-json\/wp\/v2\/media?parent=11598"}],"wp:term":[{"taxonomy":"category","embeddable":true,"href":"https:\/\/veneportal.com\/noticias\/wp-json\/wp\/v2\/categories?post=11598"},{"taxonomy":"post_tag","embeddable":true,"href":"https:\/\/veneportal.com\/noticias\/wp-json\/wp\/v2\/tags?post=11598"}],"curies":[{"name":"wp","href":"https:\/\/api.w.org\/{rel}","templated":true}]}}