{"id":11530,"date":"2022-02-10T00:02:02","date_gmt":"2022-02-10T05:02:02","guid":{"rendered":"https:\/\/veneportal.com\/noticias\/2022\/02\/10\/kamala-harris-asistira-a-conferencia-de-seguridad-de-munich\/"},"modified":"2022-02-10T00:02:02","modified_gmt":"2022-02-10T05:02:02","slug":"kamala-harris-asistira-a-conferencia-de-seguridad-de-munich","status":"publish","type":"post","link":"https:\/\/veneportal.com\/noticias\/2022\/02\/10\/kamala-harris-asistira-a-conferencia-de-seguridad-de-munich\/","title":{"rendered":"Kamala Harris asistir\u00e1 a Conferencia de Seguridad de M\u00fanich"},"content":{"rendered":"<p>La vicepresidenta estadounidense, Kamala Harris, viajar\u00e1 del 18 al 20 de febrero a Alemania para participar en la Conferencia de Seguridad de M\u00fanich, cita en la que buscar\u00e1 demostrar el &#8220;f\u00e9rreo compromiso&#8221; de EE.UU. con los aliados de la OTAN, inform\u00f3 este mi\u00e9rcoles (09.02.2022) la Casa Blanca.<\/p>\n<p>El viaje de Harris a Alemania se produce en medio de las tensiones con Rusia por la concentraci\u00f3n de tropas rusas en la frontera con Ucrania, como aseguran Washington y sus aliados, y el temor a una invasi\u00f3n rusa a ese pa\u00eds.<\/p>\n<p>Seg\u00fan el comunicado de su portavoz adjunta, Sabrina Singh, las reuniones de Harris en M\u00fanich demostrar\u00e1n el &#8220;compromiso f\u00e9rreo&#8221; de EE.UU. con los socios de la OTAN y reafirmar\u00e1n &#8220;los intereses compartidos en defender los principios que han garantizado la paz y seguridad en Europa desde la Segunda Guerra Mundial&#8221;. Asimismo, la vicepresidenta estadounidense subrayar\u00e1 &#8220;el respaldo a la soberan\u00eda e integridad territorial de Ucrania&#8221;.<\/p>\n<p>La Casa Blanca no ha precisado con qu\u00e9 l\u00edderes internacionales sostendr\u00e1 reuniones durante su estancia en Alemania. <\/p>\n<p>La diplomacia internacional se ha acelerado en los \u00faltimos d\u00edas para tratar de rebajar las tensi\u00f3n con Mosc\u00fa, que ha acumulado m\u00e1s de 100.000 soldados en la frontera con Ucrania, mientras EE.UU ha advertido de que Rusia podr\u00eda invadir el pa\u00eds &#8220;en cualquier momento&#8221;.<\/p>\n<p>En 2021, apenas comenzado su mandato, el presidente estadounidense, Joe Biden, particip\u00f3 en este importante foro de seguridad internacional de manera virtual por la pandemia, donde declar\u00f3 que la &#8220;alianza transatl\u00e1ntica&#8221; entre Estados Unidos y Europa &#8220;ha vuelto&#8221; tras cuatro a\u00f1os de tensiones, en referencia al mandato de su antecesor, Donald Trump (2017-2021). (EFE)<\/p>\n<div class=\"venep-after-content venep-entity-placement\" id=\"venep-2038000394\"><div id=\"venep-2113196278\"><script async src=\"https:\/\/pagead2.googlesyndication.com\/pagead\/js\/adsbygoogle.js?client=ca-pub-5862940809620110\"\r\n     crossorigin=\"anonymous\"><\/script>\r\n<ins class=\"adsbygoogle\"\r\n     style=\"display:block\"\r\n     data-ad-format=\"fluid\"\r\n     data-ad-layout-key=\"-6t+ed+2i-1n-4w\"\r\n     data-ad-client=\"ca-pub-5862940809620110\"\r\n     data-ad-slot=\"7946604715\"><\/ins>\r\n<script>\r\n     (adsbygoogle = window.adsbygoogle || []).push({});\r\n<\/script><\/div><\/div>","protected":false},"excerpt":{"rendered":"<p>La vicepresidenta estadounidense, Kamala Harris, viajar\u00e1 del 18 al 20 de febrero a Alemania para participar en la Conferencia de Seguridad de M\u00fanich, cita en la que buscar\u00e1 demostrar el&hellip; <\/p>\n","protected":false},"author":505,"featured_media":11531,"comment_status":"open","ping_status":"open","sticky":false,"template":"","format":"standard","meta":{"footnotes":""},"categories":[85],"tags":[],"class_list":["post-11530","post","type-post","status-publish","format-standard","has-post-thumbnail","hentry","category-politica"],"_links":{"self":[{"href":"https:\/\/veneportal.com\/noticias\/wp-json\/wp\/v2\/posts\/11530","targetHints":{"allow":["GET"]}}],"collection":[{"href":"https:\/\/veneportal.com\/noticias\/wp-json\/wp\/v2\/posts"}],"about":[{"href":"https:\/\/veneportal.com\/noticias\/wp-json\/wp\/v2\/types\/post"}],"author":[{"embeddable":true,"href":"https:\/\/veneportal.com\/noticias\/wp-json\/wp\/v2\/users\/505"}],"replies":[{"embeddable":true,"href":"https:\/\/veneportal.com\/noticias\/wp-json\/wp\/v2\/comments?post=11530"}],"version-history":[{"count":0,"href":"https:\/\/veneportal.com\/noticias\/wp-json\/wp\/v2\/posts\/11530\/revisions"}],"wp:featuredmedia":[{"embeddable":true,"href":"https:\/\/veneportal.com\/noticias\/wp-json\/wp\/v2\/media\/11531"}],"wp:attachment":[{"href":"https:\/\/veneportal.com\/noticias\/wp-json\/wp\/v2\/media?parent=11530"}],"wp:term":[{"taxonomy":"category","embeddable":true,"href":"https:\/\/veneportal.com\/noticias\/wp-json\/wp\/v2\/categories?post=11530"},{"taxonomy":"post_tag","embeddable":true,"href":"https:\/\/veneportal.com\/noticias\/wp-json\/wp\/v2\/tags?post=11530"}],"curies":[{"name":"wp","href":"https:\/\/api.w.org\/{rel}","templated":true}]}}