{"id":11484,"date":"2022-02-09T06:00:02","date_gmt":"2022-02-09T11:00:02","guid":{"rendered":"https:\/\/veneportal.com\/noticias\/2022\/02\/09\/covid-19-mexico-niega-haber-experimentado-con-ivermectina-2\/"},"modified":"2022-02-09T06:00:02","modified_gmt":"2022-02-09T11:00:02","slug":"covid-19-mexico-niega-haber-experimentado-con-ivermectina-2","status":"publish","type":"post","link":"https:\/\/veneportal.com\/noticias\/2022\/02\/09\/covid-19-mexico-niega-haber-experimentado-con-ivermectina-2\/","title":{"rendered":"COVID-19: M\u00e9xico niega haber experimentado con ivermectina"},"content":{"rendered":"<p>En marzo de 2021, la OMS recomend\u00f3 no utilizar la ivermectina para pacientes de COVID-19, salvo en ensayos cl\u00ednicos.El Gobierno de Andr\u00e9s Manuel L\u00f3pez Obrador neg\u00f3 este martes (08.02.2022) que autoridades de la capital hubieran realizado un &#8220;experimento&#8221; con pacientes de COVID-19 durante la primera etapa de la pandemia utilizando ivermectina, un medicamento desaconsejado por la Organizaci\u00f3n Mundial de la Salud (OMS) para su tratamiento.<\/p>\n<p>&#8220;La Ciudad de M\u00e9xico no condujo ning\u00fan experimento&#8221;, declar\u00f3 a periodistas el responsable de la estrategia nacional anticovid y subsecretario de Salud, Hugo L\u00f3pez-Gatell. El funcionario respondi\u00f3 as\u00ed a publicaciones que acusan que el gobierno capitalino ignor\u00f3 advertencias de la comunidad cient\u00edfica mundial que desaconsejaban el uso de esta sustancia, optando por incluirla en un paquete de medicinas que se entreg\u00f3 a miles de personas infectadas para combatir la enfermedad.<\/p>\n<p>La distribuci\u00f3n del llamado Kit M\u00e9dico COVID-19 comenz\u00f3 a finales de 2020, y en enero de 2021, en plena escalada letal de la pandemia en la ciudad, se hab\u00eda entregado a unas 50.000 personas sin advertirles de los riesgos de utilizarla, seg\u00fan un art\u00edculo de la revista local Nexos.<\/p>\n<p>La publicaci\u00f3n denuncia que -en vez de realizar un estudio cl\u00ednico &#8220;bajo estrictos controles&#8221;- se opt\u00f3 por &#8220;una intervenci\u00f3n p\u00fablica experimental, arbitraria y altamente peligrosa&#8221;, sin respetar protocolos establecidos por el regulador sanitario mexicano COFEPRIS.<\/p>\n<p>&#8220;Nos llama la atenci\u00f3n este persistente uso de una verdad distorsionada, se\u00f1alando que la Ciudad de M\u00e9xico haya conducido un experimento sin el consentimiento de las personas&#8221;, replic\u00f3 L\u00f3pez-Gatell. El funcionario aleg\u00f3 que desde agosto de 2021 el Gobierno recomend\u00f3 &#8220;expl\u00edcitamente&#8221; no utilizar la ivermectina, pues en ese momento ya hab\u00eda un c\u00famulo de evidencia cient\u00edfica que demostraba que no era \u00fatil para tratar el COVID-19. &#8220;A los pocos d\u00edas de que apareci\u00f3 nuestra gu\u00eda cl\u00ednica federal, en donde establecimos que no recomend\u00e1bamos el uso, consistentemente la Ciudad de M\u00e9xico tambi\u00e9n dej\u00f3 de utilizarlo&#8221;, asegur\u00f3.<\/p>\n<p>En marzo de 2021, la OMS recomend\u00f3 no utilizar la ivermectina para pacientes de COVID-19, salvo en ensayos cl\u00ednicos. Dicha sustancia, un medicamento antiparasitario de uso com\u00fan y que se promociona mucho en redes sociales, ha sido progresivamente desaconsejado por la autoridad sanitaria mundial.<\/p>\n<p>La capital, de 9 millones de habitantes, ha sido el epicentro de la pandemia en M\u00e9xico y alcanz\u00f3 r\u00e9cords de contagios y muertes durante los primeros meses de 2021. Actualmente, es la entidad con mayores niveles de vacunaci\u00f3n y ha experimentado un fuerte descenso en la mortalidad. M\u00e9xico, de 126 millones de personas, acumula 309.884 defunciones y 5,16 millones de casos confirmados de coronavirus.<\/p>\n<p>ama (afp, el financiero, expansi\u00f3n)<\/p>\n<div class=\"venep-after-content venep-entity-placement\" id=\"venep-1395196995\"><div id=\"venep-3457920746\"><script async src=\"https:\/\/pagead2.googlesyndication.com\/pagead\/js\/adsbygoogle.js?client=ca-pub-5862940809620110\"\r\n     crossorigin=\"anonymous\"><\/script>\r\n<ins class=\"adsbygoogle\"\r\n     style=\"display:block\"\r\n     data-ad-format=\"fluid\"\r\n     data-ad-layout-key=\"-6t+ed+2i-1n-4w\"\r\n     data-ad-client=\"ca-pub-5862940809620110\"\r\n     data-ad-slot=\"7946604715\"><\/ins>\r\n<script>\r\n     (adsbygoogle = window.adsbygoogle || []).push({});\r\n<\/script><\/div><\/div>","protected":false},"excerpt":{"rendered":"<p>En marzo de 2021, la OMS recomend\u00f3 no utilizar la ivermectina para pacientes de COVID-19, salvo en ensayos cl\u00ednicos.El Gobierno de Andr\u00e9s Manuel L\u00f3pez Obrador neg\u00f3 este martes (08.02.2022) que&hellip; <\/p>\n","protected":false},"author":505,"featured_media":11482,"comment_status":"open","ping_status":"open","sticky":false,"template":"","format":"standard","meta":{"footnotes":""},"categories":[81],"tags":[],"class_list":["post-11484","post","type-post","status-publish","format-standard","has-post-thumbnail","hentry","category-actualidad"],"_links":{"self":[{"href":"https:\/\/veneportal.com\/noticias\/wp-json\/wp\/v2\/posts\/11484","targetHints":{"allow":["GET"]}}],"collection":[{"href":"https:\/\/veneportal.com\/noticias\/wp-json\/wp\/v2\/posts"}],"about":[{"href":"https:\/\/veneportal.com\/noticias\/wp-json\/wp\/v2\/types\/post"}],"author":[{"embeddable":true,"href":"https:\/\/veneportal.com\/noticias\/wp-json\/wp\/v2\/users\/505"}],"replies":[{"embeddable":true,"href":"https:\/\/veneportal.com\/noticias\/wp-json\/wp\/v2\/comments?post=11484"}],"version-history":[{"count":0,"href":"https:\/\/veneportal.com\/noticias\/wp-json\/wp\/v2\/posts\/11484\/revisions"}],"wp:featuredmedia":[{"embeddable":true,"href":"https:\/\/veneportal.com\/noticias\/wp-json\/wp\/v2\/media\/11482"}],"wp:attachment":[{"href":"https:\/\/veneportal.com\/noticias\/wp-json\/wp\/v2\/media?parent=11484"}],"wp:term":[{"taxonomy":"category","embeddable":true,"href":"https:\/\/veneportal.com\/noticias\/wp-json\/wp\/v2\/categories?post=11484"},{"taxonomy":"post_tag","embeddable":true,"href":"https:\/\/veneportal.com\/noticias\/wp-json\/wp\/v2\/tags?post=11484"}],"curies":[{"name":"wp","href":"https:\/\/api.w.org\/{rel}","templated":true}]}}