{"id":11335,"date":"2022-02-07T05:02:03","date_gmt":"2022-02-07T10:02:03","guid":{"rendered":"https:\/\/veneportal.com\/noticias\/2022\/02\/07\/costa-rica-ira-al-balotaje-para-elegir-presidente\/"},"modified":"2022-02-07T05:02:03","modified_gmt":"2022-02-07T10:02:03","slug":"costa-rica-ira-al-balotaje-para-elegir-presidente","status":"publish","type":"post","link":"https:\/\/veneportal.com\/noticias\/2022\/02\/07\/costa-rica-ira-al-balotaje-para-elegir-presidente\/","title":{"rendered":"Costa Rica ir\u00e1 al balotaje para elegir presidente"},"content":{"rendered":"<p>El candidato m\u00e1s votado, el expresidente Jos\u00e9 Mar\u00eda Figueres, va a la segunda vuelta junto al economista Rodrigo Chaves, la gran sorpresa de la jornada electoral.Costa Rica necesitar\u00e1 de una segunda vuelta el pr\u00f3ximo 3 de abril tras una re\u00f1ida primera ronda este domingo ganada por el expresidente Jos\u00e9 Mar\u00eda Figueres, seguido por el economista Rodrigo Chaves, quien se convirti\u00f3 en la gran sorpresa de estas elecciones. <\/p>\n<p>Con el 63,9 % de las mesas escrutadas, Figueres, expresidente entre 1994 y 1998, obtiene el 27,4 % de los votos, mientras que Chaves tiene el 16,7 %, y el predicador evang\u00e9lico Fabricio Alvarado suma el 15,4 %, seg\u00fan los resultados del Tribunal Supremo de Elecciones (TSE).<\/p>\n<p>El abstencionismo alcanza el 40,7 %, lo que ser\u00eda el n\u00famero m\u00e1s alto en la historia del pa\u00eds.<\/p>\n<p>El TSE dejar\u00e1 de publicar los resultados preliminares el lunes y a partir del pr\u00f3ximo martes comenzar\u00e1 el escrutinio definitivo, para en los pr\u00f3ximos d\u00edas brindar una declaratoria oficial de resultados.<\/p>\n<p>Lo que s\u00ed es seguro es que habr\u00e1 una segunda ronda el 3 de abril pr\u00f3ximo, pues ninguno de los candidatos alcanz\u00f3 el 40 % necesario para triunfar este domingo.<\/p>\n<p>Tercera vez seguida al balotaje<\/p>\n<p>Por tercera elecci\u00f3n consecutiva Costa Rica necesitar\u00e1 de una segunda vuelta electoral para escoger al presidente.<\/p>\n<p>Figueres se declar\u00f3 ganador de la primera vuelta &#8220;por un robusto margen&#8221; y agradeci\u00f3 a los costarricenses por el apoyo a su proyecto para &#8220;liderar el rescate y la transformaci\u00f3n de nuestra Costa Rica&#8221;.<\/p>\n<p>&#8220;Hoy fue un enorme triunfo de nuestra democracia. Hoy gan\u00f3 Costa Rica, ni la pandemia dobleg\u00f3 el esp\u00edritu c\u00edvico de nuestro pueblo. Pudo m\u00e1s la responsabilidad de sacar adelante a nuestro pa\u00eds. Hoy volvemos a brillar en el mundo&#8221;, declar\u00f3 Figueres.<\/p>\n<p>El candidato de 67 a\u00f1os critic\u00f3 la &#8220;improvisaci\u00f3n&#8221; de los gobiernos recientes y asegur\u00f3 que trabajar\u00e1 para que Costa Rica &#8220;vuelva a tener Gobierno&#8221;.<\/p>\n<p>Chaves dio la sorpresa<\/p>\n<p>Por su parte, Chaves, de 60 a\u00f1os y del Partido Progreso Social Democr\u00e1tico, festej\u00f3 su pase a la segunda ronda y agradeci\u00f3 a su familia y los electores por darle el apoyo a un partido nuevo.<\/p>\n<p>&#8220;Vamos a una segunda ronda, s\u00ed, el partido nuevo, el m\u00e1s joven de esta campa\u00f1a, pero vamos a dejar atr\u00e1s los fuegos, el conflicto, la confrontaci\u00f3n est\u00e9ril, y les ruego que nos avoquemos juntos a crear los consensos para reorientar el rumbo del pa\u00eds y relanzar la prosperidad&#8221;, declar\u00f3 Chaves en un discurso.<\/p>\n<p>El candidato, que se convirti\u00f3 en la sorpresa de estos comicios, agradeci\u00f3 a los votantes por el apoyo en lo que fue &#8220;una fiesta c\u00edvica democr\u00e1tica como pocas naciones en el mundo pueden darse el lujo&#8221;.<\/p>\n<p>Figueres gobern\u00f3 Costa Rica entre 1994-1998 y es hijo del emblem\u00e1tico exmandatario Jos\u00e9 Figueres Ferrer, quien aboli\u00f3 el Ej\u00e9rcito en 1948<\/p>\n<p>jc (afp, efe, Repretel)<\/p>\n<div class=\"venep-after-content venep-entity-placement\" id=\"venep-449812710\"><div id=\"venep-2007280353\"><script async src=\"https:\/\/pagead2.googlesyndication.com\/pagead\/js\/adsbygoogle.js?client=ca-pub-5862940809620110\"\r\n     crossorigin=\"anonymous\"><\/script>\r\n<ins class=\"adsbygoogle\"\r\n     style=\"display:block\"\r\n     data-ad-format=\"fluid\"\r\n     data-ad-layout-key=\"-6t+ed+2i-1n-4w\"\r\n     data-ad-client=\"ca-pub-5862940809620110\"\r\n     data-ad-slot=\"7946604715\"><\/ins>\r\n<script>\r\n     (adsbygoogle = window.adsbygoogle || []).push({});\r\n<\/script><\/div><\/div>","protected":false},"excerpt":{"rendered":"<p>El candidato m\u00e1s votado, el expresidente Jos\u00e9 Mar\u00eda Figueres, va a la segunda vuelta junto al economista Rodrigo Chaves, la gran sorpresa de la jornada electoral.Costa Rica necesitar\u00e1 de una&hellip; <\/p>\n","protected":false},"author":505,"featured_media":11331,"comment_status":"open","ping_status":"open","sticky":false,"template":"","format":"standard","meta":{"footnotes":""},"categories":[84],"tags":[],"class_list":["post-11335","post","type-post","status-publish","format-standard","has-post-thumbnail","hentry","category-america-latina"],"_links":{"self":[{"href":"https:\/\/veneportal.com\/noticias\/wp-json\/wp\/v2\/posts\/11335","targetHints":{"allow":["GET"]}}],"collection":[{"href":"https:\/\/veneportal.com\/noticias\/wp-json\/wp\/v2\/posts"}],"about":[{"href":"https:\/\/veneportal.com\/noticias\/wp-json\/wp\/v2\/types\/post"}],"author":[{"embeddable":true,"href":"https:\/\/veneportal.com\/noticias\/wp-json\/wp\/v2\/users\/505"}],"replies":[{"embeddable":true,"href":"https:\/\/veneportal.com\/noticias\/wp-json\/wp\/v2\/comments?post=11335"}],"version-history":[{"count":0,"href":"https:\/\/veneportal.com\/noticias\/wp-json\/wp\/v2\/posts\/11335\/revisions"}],"wp:featuredmedia":[{"embeddable":true,"href":"https:\/\/veneportal.com\/noticias\/wp-json\/wp\/v2\/media\/11331"}],"wp:attachment":[{"href":"https:\/\/veneportal.com\/noticias\/wp-json\/wp\/v2\/media?parent=11335"}],"wp:term":[{"taxonomy":"category","embeddable":true,"href":"https:\/\/veneportal.com\/noticias\/wp-json\/wp\/v2\/categories?post=11335"},{"taxonomy":"post_tag","embeddable":true,"href":"https:\/\/veneportal.com\/noticias\/wp-json\/wp\/v2\/tags?post=11335"}],"curies":[{"name":"wp","href":"https:\/\/api.w.org\/{rel}","templated":true}]}}