{"id":10597,"date":"2022-01-07T23:02:02","date_gmt":"2022-01-08T04:02:02","guid":{"rendered":"https:\/\/veneportal.com\/noticias\/2022\/01\/07\/en-busca-de-una-alianza-progresista-latinoamericana-2\/"},"modified":"2022-01-07T23:02:02","modified_gmt":"2022-01-08T04:02:02","slug":"en-busca-de-una-alianza-progresista-latinoamericana-2","status":"publish","type":"post","link":"https:\/\/veneportal.com\/noticias\/2022\/01\/07\/en-busca-de-una-alianza-progresista-latinoamericana-2\/","title":{"rendered":"En busca de una alianza progresista latinoamericana"},"content":{"rendered":"<p>M\u00e9xico intenta forjar una alianza de gobiernos progresistas en la regi\u00f3n, con el fin de abrir una nueva etapa en la representaci\u00f3n de Am\u00e9rica Latina en el mundo.Rara vez se ha visto un despliegue tan amplio en la pol\u00edtica exterior de M\u00e9xico como en los tres a\u00f1os de la presidencia de Andr\u00e9s Manuel L\u00f3pez Obrador. La ya proverbial distancia del presidente con los asuntos internacionales parece resquebrajarse de la mano de su secretario de RR.EE, Marcelo Ebrard, quien ha asumido la tarea de consolidar una alianza de gobiernos progresistas en la regi\u00f3n, con el fin de lograr el estreno de una nueva etapa en la representaci\u00f3n de Am\u00e9rica Latina en el mundo. Hasta ahora se han sumado a esta iniciativa Argentina, Bolivia y Per\u00fa, y en el futuro tambi\u00e9n lo har\u00e1 Chile. Con este cometido, Ebrard ha viajado a Santiago, donde aprovech\u00f3 para felicitar al reci\u00e9n electo Gabriel Boric y lograr el compromiso de este con el proyecto mucho antes de asumir su cargo el 11 de marzo de 2022.<\/p>\n<p>Con esto se da no solamente una se\u00f1al para un nuevo internacionalismo en la pol\u00edtica exterior de M\u00e9xico sino que es tambi\u00e9n una llamada a los dem\u00e1s pa\u00edses de la regi\u00f3n a conformar un nuevo eje de cooperaci\u00f3n, m\u00e1s all\u00e1 de las formas establecidas de cooperaci\u00f3n e integraci\u00f3n regionales. Todo ello con la expectativa de que un \u00e9xito electoral de Lula da Silva en las elecciones de octubre de 2022 en Brasil pudiera llevar a un socio importante a unirse al proyecto com\u00fan. En caso dado, este podr\u00eda incluir tambi\u00e9n a un presidente progresista en Colombia, si las posibilidades abiertas por una campa\u00f1a electoral consistente de Gustavo Petro se concretan en las urnas en mayo del a\u00f1o en curso.<\/p>\n<p>Habr\u00e1 muchos m\u00e1s pa\u00edses que desear\u00edan unirse a este nuevo impulso. Sin embargo, la alianza progresista solamente ser\u00e1 reconocida si no incluye actores y pa\u00edses de dudosa calidad democr\u00e1tica.<\/p>\n<p>\u00bfUna nueva marea rosa?<\/p>\n<p> Pero lo que a primera vista se presenta como un regreso de la &#8220;marea rosa\u201d en Am\u00e9rica Latina, concepto con el cual se describi\u00f3 el avance regional de gobiernos con orientaci\u00f3n de izquierda en la primera d\u00e9cada de este siglo, no refleja adecuadamente la heterogeneidad de los gobiernos que desean formar ahora parte de la alianza progresista. Adem\u00e1s, el contexto es muy diferente a aquel en el cual logran llegar a la presidencia sus protagonistas. Hoy en d\u00eda se trata de proyectos nacionales y cooperaciones bilaterales que de entrada no tienen una vocaci\u00f3n regionalista o transformadora a nivel global como lo fueron las aspiraciones de Hugo Ch\u00e1vez y Lula da Silva. Adicionalmente, los pa\u00edses participantes no se mueven ahora en una bonanza econ\u00f3mica por una alza secular de los precios de materias primas y energ\u00e9ticas, en la cual parec\u00edan viables proyectos de car\u00e1cter fara\u00f3nico como el Gran Gasoducto del Sur y el Banco del Sur. Al parecer los anhelos se gestan ahora a un nivel m\u00e1s limitado y reducido, con menos voluntarismo pol\u00edtico y m\u00e1s apego a las reducidas posibilidades financieras y fiscales.<\/p>\n<p>Un liderazgo mexicano incierto<\/p>\n<p>Adem\u00e1s, es evidente que el nuevo actor y propulsor de la iniciativa es M\u00e9xico, cuyas metas en esta alianza progresista tienen un alcance m\u00e1s restringido. En cierto modo sorprende el activismo mexicano ante la ausencia del pa\u00eds en muchas iniciativas globales, por un lado, y su curso opuesto en materia de lograr acuerdos referentes al cambio clim\u00e1tica y la transici\u00f3n energ\u00e9tica. El m\u00f3vil del gobierno mexicano, cuyo representante es en este caso el  secretario de RR.EE., es el deseo de que la voz de Am\u00e9rica Latina vuelva a ser escuchada a nivel global.  M\u00e9xico tuvo que sufrir muchos altibajos a nivel nacional y regional para llegar a adoptar esta postura como eje de su pol\u00edtica exterior.<\/p>\n<p>Parece que en M\u00e9xico madur\u00f3 la convicci\u00f3n de que el curso de la pol\u00edtica exterior dise\u00f1ado al inicio de la presidencia de L\u00f3pez Obrador ha llevado a una situaci\u00f3n de autoaislamiento, que el mismo presidente solamente se mostr\u00f3 dispuesto a romper con la recepci\u00f3n de Evo Morales cuando fue destituido en Bolivia y el asesoramiento econ\u00f3mico que se pretende prestar al tambaleante presidente peruano Pedro Castillo.<\/p>\n<p>Ebrard, por su lado, utiliz\u00f3 la doble presidencia pro tempore en los a\u00f1os 2020 y 2021 de M\u00e9xico en la Comunidad de Estados Latinoamericanos y Caribe\u00f1os (CELAC) para buscar una salida a las restricciones impuestas por el presidente a la presencia internacional de M\u00e9xico. Como Brasil, bajo la direcci\u00f3n del presidente Jair Bolsonaro, se retir\u00f3 de la CELAC, a M\u00e9xico le qued\u00f3 abierto el camino para lograr articular un programa de acci\u00f3n ante la situaci\u00f3n de la emergencia pand\u00e9mica, que culmin\u00f3 en la diplomacia de vacunas que se orquestr\u00f3 en conjunto con el gobierno de Alberto Fern\u00e1ndez en Argentina.<\/p>\n<p>Ausencia de una base s\u00f3lida<\/p>\n<p>Sin embargo, la b\u00fasqueda de coincidencias entre los gobiernos de la &#8220;alianza progresista latinoamericana\u201d es muy endeble y se mueve sin considerar espacios existentes de integraci\u00f3n con la Alianza del Pac\u00edfico, el Mercosur etc, los cuales en los \u00faltimos a\u00f1os han sufrido un proceso de estancamiento y descalabro. Una de las razones reside justamente en desacuerdos entre los diferentes pa\u00edses en cuanto al modelo econ\u00f3mico a seguir y las din\u00e1micas propias a nivel nacional.<\/p>\n<p>El consenso s\u00ed puede existir en cuanto a las buenas intenciones de escuchar m\u00e1s a los pueblos, impulsar las causa de su bienestar y avanzar hacia sociedades m\u00e1s justas e igualitarias; pero lograr una mejor vocer\u00eda de Am\u00e9rica Latina a nivel global tiene que pasar por una mayor convergencia con respecto al modelo de desarrollo que difiere mucho entre la visi\u00f3n de Luis Arce en Bolivia, Gabriel Boric en Chile, Alberto Fern\u00e1ndez en Argentina, Pedro Castillo en el Per\u00fa y AMLO en M\u00e9xico. Queda mucho camino por recorrer para que esta alianza en ciernes  se vuelva sustanciosa y capaz de representar a Am\u00e9rica Latina con propuestas consolidadas a nivel global. Un espacio para ello ser\u00e1 la nueva presidencia pro tempore de la CELAC por parte de Argentina, pa\u00eds inmerso en una profunda crisis econ\u00f3mica y con un limitado alcance de proyecci\u00f3n regional.<\/p>\n<p>G\u00fcnther Maihold es subdirector de la Fundaci\u00f3n Ciencia y Pol\u00edtica de Berl\u00edn (SWP) y columnista invitado de DW.<\/p>\n<div class=\"venep-after-content venep-entity-placement\" id=\"venep-2022321863\"><div id=\"venep-462559031\"><a href=\"https:\/\/veneportal.com\/como-aparecer-en-google\/\" aria-label=\"como-se-beneficia-directorio-espana-flag\"><img src=\"https:\/\/veneportal.com\/noticias\/wp-content\/uploads\/sites\/2\/2021\/03\/como-se-beneficia-directorio-espana-flag.jpg\" alt=\"\"  srcset=\"https:\/\/veneportal.com\/noticias\/wp-content\/uploads\/sites\/2\/2021\/03\/como-se-beneficia-directorio-espana-flag.jpg 1747w, https:\/\/veneportal.com\/noticias\/wp-content\/uploads\/sites\/2\/2021\/03\/como-se-beneficia-directorio-espana-flag-300x213.jpg 300w, https:\/\/veneportal.com\/noticias\/wp-content\/uploads\/sites\/2\/2021\/03\/como-se-beneficia-directorio-espana-flag-1024x727.jpg 1024w, https:\/\/veneportal.com\/noticias\/wp-content\/uploads\/sites\/2\/2021\/03\/como-se-beneficia-directorio-espana-flag-768x545.jpg 768w, https:\/\/veneportal.com\/noticias\/wp-content\/uploads\/sites\/2\/2021\/03\/como-se-beneficia-directorio-espana-flag-1536x1090.jpg 1536w, https:\/\/veneportal.com\/noticias\/wp-content\/uploads\/sites\/2\/2021\/03\/como-se-beneficia-directorio-espana-flag-600x426.jpg 600w\" sizes=\"(max-width: 1747px) 100vw, 1747px\" width=\"1747\" height=\"1240\"   \/><\/a><\/div><\/div>","protected":false},"excerpt":{"rendered":"<p>M\u00e9xico intenta forjar una alianza de gobiernos progresistas en la regi\u00f3n, con el fin de abrir una nueva etapa en la representaci\u00f3n de Am\u00e9rica Latina en el mundo.Rara vez se&hellip; <\/p>\n","protected":false},"author":505,"featured_media":10588,"comment_status":"open","ping_status":"open","sticky":false,"template":"","format":"standard","meta":{"footnotes":""},"categories":[84],"tags":[],"class_list":["post-10597","post","type-post","status-publish","format-standard","has-post-thumbnail","hentry","category-america-latina"],"_links":{"self":[{"href":"https:\/\/veneportal.com\/noticias\/wp-json\/wp\/v2\/posts\/10597","targetHints":{"allow":["GET"]}}],"collection":[{"href":"https:\/\/veneportal.com\/noticias\/wp-json\/wp\/v2\/posts"}],"about":[{"href":"https:\/\/veneportal.com\/noticias\/wp-json\/wp\/v2\/types\/post"}],"author":[{"embeddable":true,"href":"https:\/\/veneportal.com\/noticias\/wp-json\/wp\/v2\/users\/505"}],"replies":[{"embeddable":true,"href":"https:\/\/veneportal.com\/noticias\/wp-json\/wp\/v2\/comments?post=10597"}],"version-history":[{"count":0,"href":"https:\/\/veneportal.com\/noticias\/wp-json\/wp\/v2\/posts\/10597\/revisions"}],"wp:featuredmedia":[{"embeddable":true,"href":"https:\/\/veneportal.com\/noticias\/wp-json\/wp\/v2\/media\/10588"}],"wp:attachment":[{"href":"https:\/\/veneportal.com\/noticias\/wp-json\/wp\/v2\/media?parent=10597"}],"wp:term":[{"taxonomy":"category","embeddable":true,"href":"https:\/\/veneportal.com\/noticias\/wp-json\/wp\/v2\/categories?post=10597"},{"taxonomy":"post_tag","embeddable":true,"href":"https:\/\/veneportal.com\/noticias\/wp-json\/wp\/v2\/tags?post=10597"}],"curies":[{"name":"wp","href":"https:\/\/api.w.org\/{rel}","templated":true}]}}