{"id":10584,"date":"2022-01-07T05:02:01","date_gmt":"2022-01-07T10:02:01","guid":{"rendered":"https:\/\/veneportal.com\/noticias\/2022\/01\/07\/gobierno-de-guatemala-restaura-permiso-de-operaciones-a-minera-suiza\/"},"modified":"2022-01-07T05:02:01","modified_gmt":"2022-01-07T10:02:01","slug":"gobierno-de-guatemala-restaura-permiso-de-operaciones-a-minera-suiza","status":"publish","type":"post","link":"https:\/\/veneportal.com\/noticias\/2022\/01\/07\/gobierno-de-guatemala-restaura-permiso-de-operaciones-a-minera-suiza\/","title":{"rendered":"Gobierno de Guatemala restaura permiso de operaciones a minera suiza"},"content":{"rendered":"<p>La mina ten\u00eda prohibido operar desde 2019 por orden de la Corte de Constitucionalidad, m\u00e1ximo tribunal del pa\u00eds, ante la falta de una consulta popular para saber si se aprobaba su funcionamiento.El gobierno de Guatemala restaur\u00f3 el jueves (06.01.2022) el permiso de funcionamiento para la mina F\u00e9nix, propiedad de una firma suiza, que ten\u00eda prohibido operar desde 2019 por decisi\u00f3n del m\u00e1ximo tribunal del pa\u00eds, la Corte de Constitucionalidad.<\/p>\n<p>El Ministerio de Energ\u00eda y Minas guatemalteco inform\u00f3 en un comunicado que la resoluci\u00f3n permite volver a funcionar a la mina propiedad de la Compa\u00f1\u00eda Guatemalteca de N\u00edquel (CGN), subsidiaria de la firma suiza Solway Investment Group.<\/p>\n<p>La mina ten\u00eda prohibido operar desde 2019 por orden de la Corte de Constitucionalidad, m\u00e1ximo tribunal del pa\u00eds, ante la falta de una consulta popular con comunidades aleda\u00f1as para determinar si aprobaban su funcionamiento.<\/p>\n<p>La compa\u00f1\u00eda de capital suizo se encuentra en el municipio de El Estor, en el departamento de Izabal, unos 250 kil\u00f3metros al noreste de la Ciudad de Guatemala.<\/p>\n<p>El Ministerio de Energ\u00eda y Minas indic\u00f3 que la consulta popular se realiz\u00f3 en diciembre pasado con &#8220;el pueblo ind\u00edgena maya q&#8217;eqch\u00ed&#8221;, de acuerdo a palabras del director de la cartera, Alberto Pimentel Mata.<\/p>\n<p>Seg\u00fan el ministro, en cuanto al empresa minera sea &#8220;notificada&#8221; de la resoluci\u00f3n &#8220;estar\u00e1 rehabilitada&#8221; para &#8220;reiniciar la explotaci\u00f3n&#8221; de n\u00edquel.<\/p>\n<p>La mina cuenta con un permiso de operaciones en un pol\u00edgono de 6,29 kil\u00f3metros cuadrados en El Estor, en el departamento de Izabal, el \u00fanico de los 22 que componen Guatemala con salida al oc\u00e9ano Atl\u00e1ntico.<\/p>\n<p>Diversas entidades han manifestado sus dudas con respecto a la consulta popular. El abogado Kelvin Gonz\u00e1lez, en representaci\u00f3n del parlamento xinca, de car\u00e1cter ind\u00edgena, dijo desconocer &#8220;totalmente&#8221; la supuesta consulta realizada con &#8220;seudorepresentantes de comunidades ind\u00edgenas&#8221;.<\/p>\n<p>Seg\u00fan el medio Prensa Comunitaria, al menos 94 representantes ind\u00edgenas del pueblo que q&#8217;eqch\u00ed &#8220;fueron excluidos&#8221; de la consulta popular, que seg\u00fan el gobierno finaliz\u00f3 el 10 de diciembre.<\/p>\n<p>gs (efe, afp)<\/p>\n<div class=\"venep-after-content venep-entity-placement\" id=\"venep-532054165\"><div id=\"venep-1004507399\"><script async src=\"https:\/\/pagead2.googlesyndication.com\/pagead\/js\/adsbygoogle.js?client=ca-pub-5862940809620110\"\r\n     crossorigin=\"anonymous\"><\/script>\r\n<ins class=\"adsbygoogle\"\r\n     style=\"display:block\"\r\n     data-ad-format=\"fluid\"\r\n     data-ad-layout-key=\"-6t+ed+2i-1n-4w\"\r\n     data-ad-client=\"ca-pub-5862940809620110\"\r\n     data-ad-slot=\"7946604715\"><\/ins>\r\n<script>\r\n     (adsbygoogle = window.adsbygoogle || []).push({});\r\n<\/script><\/div><\/div>","protected":false},"excerpt":{"rendered":"<p>La mina ten\u00eda prohibido operar desde 2019 por orden de la Corte de Constitucionalidad, m\u00e1ximo tribunal del pa\u00eds, ante la falta de una consulta popular para saber si se aprobaba&hellip; <\/p>\n","protected":false},"author":505,"featured_media":10585,"comment_status":"open","ping_status":"open","sticky":false,"template":"","format":"standard","meta":{"footnotes":""},"categories":[84],"tags":[],"class_list":["post-10584","post","type-post","status-publish","format-standard","has-post-thumbnail","hentry","category-america-latina"],"_links":{"self":[{"href":"https:\/\/veneportal.com\/noticias\/wp-json\/wp\/v2\/posts\/10584","targetHints":{"allow":["GET"]}}],"collection":[{"href":"https:\/\/veneportal.com\/noticias\/wp-json\/wp\/v2\/posts"}],"about":[{"href":"https:\/\/veneportal.com\/noticias\/wp-json\/wp\/v2\/types\/post"}],"author":[{"embeddable":true,"href":"https:\/\/veneportal.com\/noticias\/wp-json\/wp\/v2\/users\/505"}],"replies":[{"embeddable":true,"href":"https:\/\/veneportal.com\/noticias\/wp-json\/wp\/v2\/comments?post=10584"}],"version-history":[{"count":0,"href":"https:\/\/veneportal.com\/noticias\/wp-json\/wp\/v2\/posts\/10584\/revisions"}],"wp:featuredmedia":[{"embeddable":true,"href":"https:\/\/veneportal.com\/noticias\/wp-json\/wp\/v2\/media\/10585"}],"wp:attachment":[{"href":"https:\/\/veneportal.com\/noticias\/wp-json\/wp\/v2\/media?parent=10584"}],"wp:term":[{"taxonomy":"category","embeddable":true,"href":"https:\/\/veneportal.com\/noticias\/wp-json\/wp\/v2\/categories?post=10584"},{"taxonomy":"post_tag","embeddable":true,"href":"https:\/\/veneportal.com\/noticias\/wp-json\/wp\/v2\/tags?post=10584"}],"curies":[{"name":"wp","href":"https:\/\/api.w.org\/{rel}","templated":true}]}}